{"id":2990,"date":"2022-02-28T12:00:02","date_gmt":"2022-02-28T11:00:02","guid":{"rendered":"https:\/\/www.vehiculesanciens-airbuspalays.fr\/?p=2990"},"modified":"2022-03-12T11:43:53","modified_gmt":"2022-03-12T10:43:53","slug":"matra530-atelier-banc-moteur-4","status":"publish","type":"post","link":"https:\/\/www.vehiculesanciens-airbuspalays.fr\/?p=2990","title":{"rendered":"Matra530 &#8211; Atelier banc moteur"},"content":{"rendered":"\n<p>Bonjour \u00e0 Tous&nbsp;!&nbsp; Quelques Nouvelles de notre projet&nbsp;:<\/p>\n\n\n\n<p><strong><u>Gestion du Garage&nbsp;:<\/u><\/strong><\/p>\n\n\n\n<p>D\u2019abord et avant tout&nbsp;:&nbsp;<strong>Bravo \u00e0 Patrick<\/strong>&nbsp;qui a consacr\u00e9 deux apr\u00e8s-midis pour nettoyer compl\u00e8tement notre local&nbsp;!<\/p>\n\n\n\n<p>Rangement, aspirateur, etc.&nbsp;! Merci Patrick<\/p>\n\n\n\n<p>Pour ma part, j\u2019ai rerang\u00e9 les deux armoires. J\u2019ai aussi regroup\u00e9 sur une \u00e9tag\u00e8re toutes les produits (peinture, ac\u00e9tone, white, etc.) et ,sur une autre \u00e9tag\u00e8re, les produits \u00ab&nbsp;comestible&nbsp;\u00bb&nbsp;: caf\u00e9, biscuit, verre, tasse, etc.<\/p>\n\n\n\n<p>Bonne nouvelle&nbsp;: j\u2019ai retrouv\u00e9 les deux paquets de filtres \u00e0 caf\u00e9&nbsp;!<\/p>\n\n\n\n<p>Tous les \u00e9l\u00e9ments \u00ab&nbsp;cachent radiateur chauffage&nbsp;\u00bb ont \u00e9t\u00e9 sortis de l\u2019armoire, mis dans une caisse en carton et rang\u00e9 chez Alain afin de retrouver de la place dans l\u2019armoire.<\/p>\n\n\n\n<p>Tous les vieux morceaux de ch\u00e2ssis ont \u00e9t\u00e9 mis \u00e0 la ferraille.<\/p>\n\n\n\n<p><strong><u>Traverse<\/u><\/strong><\/p>\n\n\n\n<p>Ted et moi avons entrepris, samedi matin, le redressement de la traverse moteur avec la presse hydraulique.<\/p>\n\n\n\n<p>Celle-ci a retrouv\u00e9 une forme presque rectiligne&nbsp;! il faut maintenant v\u00e9rifier que les essieux sont bien align\u00e9s&nbsp;! r\u00e9flexion en cours sur la m\u00e9thode de v\u00e9rification<\/p>\n\n\n\n<figure class=\"wp-block-image size-full\"><img loading=\"lazy\" decoding=\"async\" width=\"353\" height=\"464\" src=\"https:\/\/www.vehiculesanciens-airbuspalays.fr\/wp-content\/uploads\/2022\/03\/image001.png\" alt=\"\" class=\"wp-image-2992\" srcset=\"https:\/\/www.vehiculesanciens-airbuspalays.fr\/wp-content\/uploads\/2022\/03\/image001.png 353w, https:\/\/www.vehiculesanciens-airbuspalays.fr\/wp-content\/uploads\/2022\/03\/image001-228x300.png 228w\" sizes=\"auto, (max-width: 353px) 100vw, 353px\" \/><\/figure>\n\n\n\n<figure class=\"wp-block-image size-full\"><img loading=\"lazy\" decoding=\"async\" width=\"486\" height=\"316\" src=\"https:\/\/www.vehiculesanciens-airbuspalays.fr\/wp-content\/uploads\/2022\/03\/image010.png\" alt=\"\" class=\"wp-image-2994\" srcset=\"https:\/\/www.vehiculesanciens-airbuspalays.fr\/wp-content\/uploads\/2022\/03\/image010.png 486w, https:\/\/www.vehiculesanciens-airbuspalays.fr\/wp-content\/uploads\/2022\/03\/image010-300x195.png 300w\" sizes=\"auto, (max-width: 486px) 100vw, 486px\" \/><\/figure>\n\n\n\n<p><strong><u>Stars War &nbsp;!<\/u><\/strong><\/p>\n\n\n\n<p>Philippe est pass\u00e9 samedi matin avec un \u00ab&nbsp;engin&nbsp;\u00bb digne de la guerre des \u00e9toiles&nbsp;: Un d\u00e9rouilleur Laser&nbsp;!<\/p>\n\n\n\n<p>Impressionnant et tr\u00e8s effa\u00e7able&nbsp;!<\/p>\n\n\n\n<p>Merci Philippe de nous avoir permis de tester cet engin. On fait une lettre au p\u00e8re Noel pour en avoir un en 2023&nbsp;!<\/p>\n\n\n\n<figure class=\"wp-block-image size-full\"><img loading=\"lazy\" decoding=\"async\" width=\"618\" height=\"394\" src=\"https:\/\/www.vehiculesanciens-airbuspalays.fr\/wp-content\/uploads\/2022\/03\/image011.png\" alt=\"\" class=\"wp-image-2995\" srcset=\"https:\/\/www.vehiculesanciens-airbuspalays.fr\/wp-content\/uploads\/2022\/03\/image011.png 618w, https:\/\/www.vehiculesanciens-airbuspalays.fr\/wp-content\/uploads\/2022\/03\/image011-300x191.png 300w\" sizes=\"auto, (max-width: 618px) 100vw, 618px\" \/><\/figure>\n\n\n\n<p><strong><u>Ch\u00e2ssis<\/u><\/strong><\/p>\n\n\n\n<p>Gros travail sur le ch\u00e2ssis ou les s\u00e9ances de travail s\u2019enchainent avec, souvent, plusieurs sessions par semaines (parfois jusque 4). L\u2019arri\u00e8re du ch\u00e2ssis est, en effet, tr\u00e8s abim\u00e9 et cela prendra du temps pour lui redonner son aspect d\u2019origine. D\u00e9j\u00e0 les deux ailes arri\u00e8re ont \u00e9t\u00e9 remplac\u00e9es et les fixations traverses moteur remises en \u00e9tat. Mais il reste de nombreux patchs \u00e0 faire et de nombreuses soudures \u00e0 renforcer.<\/p>\n\n\n\n<figure class=\"wp-block-image size-full\"><img loading=\"lazy\" decoding=\"async\" width=\"873\" height=\"499\" src=\"https:\/\/www.vehiculesanciens-airbuspalays.fr\/wp-content\/uploads\/2022\/03\/image012.png\" alt=\"\" class=\"wp-image-2996\" srcset=\"https:\/\/www.vehiculesanciens-airbuspalays.fr\/wp-content\/uploads\/2022\/03\/image012.png 873w, https:\/\/www.vehiculesanciens-airbuspalays.fr\/wp-content\/uploads\/2022\/03\/image012-300x171.png 300w, https:\/\/www.vehiculesanciens-airbuspalays.fr\/wp-content\/uploads\/2022\/03\/image012-768x439.png 768w, https:\/\/www.vehiculesanciens-airbuspalays.fr\/wp-content\/uploads\/2022\/03\/image012-128x72.png 128w\" sizes=\"auto, (max-width: 873px) 100vw, 873px\" \/><\/figure>\n\n\n\n<p><strong><u>Accompagnement Technique Artole<\/u><\/strong><\/p>\n\n\n\n<p>J\u2019ai pr\u00e9par\u00e9 deux documents pour retracer toute l\u2019exp\u00e9rience apprise durant cette assistance technique&nbsp;! bient\u00f4t en diffusion.<\/p>\n\n\n\n<p>G\u00e9rard Cassette<\/p>\n\n\n\n<p>Votre Vice-pr\u00e9sident<\/p>\n\n\n\n<figure class=\"wp-block-image size-full\"><a href=\"https:\/\/www.vehiculesanciens-airbuspalays.fr\/wp-content\/uploads\/2022\/03\/News_projet_Matra530___28_Fev_22.pdf\" target=\"_blank\" rel=\"noopener\"><img loading=\"lazy\" decoding=\"async\" width=\"60\" height=\"59\" src=\"https:\/\/www.vehiculesanciens-airbuspalays.fr\/wp-content\/uploads\/2018\/02\/pdf-icon.png\" alt=\"\" class=\"wp-image-607\"\/><\/a><\/figure>\n","protected":false},"excerpt":{"rendered":"<p>Bonjour \u00e0 Tous&nbsp;!&nbsp; Quelques Nouvelles de notre projet&nbsp;: Gestion du Garage&nbsp;: D\u2019abord et avant tout&nbsp;:&nbsp;Bravo \u00e0 Patrick&nbsp;qui a consacr\u00e9 deux apr\u00e8s-midis pour nettoyer compl\u00e8tement notre local&nbsp;! Rangement, aspirateur, etc.&nbsp;! Merci Patrick Pour ma part, j\u2019ai rerang\u00e9 les deux armoires. J\u2019ai <a class=\"more-link\" href=\"https:\/\/www.vehiculesanciens-airbuspalays.fr\/?p=2990\">Continuer la lecture <span class=\"screen-reader-text\">  Matra530 &#8211; Atelier banc moteur<\/span><span class=\"meta-nav\">&rarr;<\/span><\/a><\/p>\n","protected":false},"author":1,"featured_media":0,"comment_status":"open","ping_status":"open","sticky":false,"template":"","format":"standard","meta":{"footnotes":""},"categories":[44,8],"tags":[57],"class_list":["post-2990","post","type-post","status-publish","format-standard","hentry","category-projets-collectifs","category-renovation-collective-dune-matra","tag-matra-530"],"publishpress_future_action":{"enabled":false,"date":"2026-05-06 04:34:04","action":"change-status","newStatus":"draft","terms":[],"taxonomy":"category","extraData":[]},"publishpress_future_workflow_manual_trigger":{"enabledWorkflows":[]},"_links":{"self":[{"href":"https:\/\/www.vehiculesanciens-airbuspalays.fr\/index.php?rest_route=\/wp\/v2\/posts\/2990","targetHints":{"allow":["GET"]}}],"collection":[{"href":"https:\/\/www.vehiculesanciens-airbuspalays.fr\/index.php?rest_route=\/wp\/v2\/posts"}],"about":[{"href":"https:\/\/www.vehiculesanciens-airbuspalays.fr\/index.php?rest_route=\/wp\/v2\/types\/post"}],"author":[{"embeddable":true,"href":"https:\/\/www.vehiculesanciens-airbuspalays.fr\/index.php?rest_route=\/wp\/v2\/users\/1"}],"replies":[{"embeddable":true,"href":"https:\/\/www.vehiculesanciens-airbuspalays.fr\/index.php?rest_route=%2Fwp%2Fv2%2Fcomments&post=2990"}],"version-history":[{"count":4,"href":"https:\/\/www.vehiculesanciens-airbuspalays.fr\/index.php?rest_route=\/wp\/v2\/posts\/2990\/revisions"}],"predecessor-version":[{"id":3000,"href":"https:\/\/www.vehiculesanciens-airbuspalays.fr\/index.php?rest_route=\/wp\/v2\/posts\/2990\/revisions\/3000"}],"wp:attachment":[{"href":"https:\/\/www.vehiculesanciens-airbuspalays.fr\/index.php?rest_route=%2Fwp%2Fv2%2Fmedia&parent=2990"}],"wp:term":[{"taxonomy":"category","embeddable":true,"href":"https:\/\/www.vehiculesanciens-airbuspalays.fr\/index.php?rest_route=%2Fwp%2Fv2%2Fcategories&post=2990"},{"taxonomy":"post_tag","embeddable":true,"href":"https:\/\/www.vehiculesanciens-airbuspalays.fr\/index.php?rest_route=%2Fwp%2Fv2%2Ftags&post=2990"}],"curies":[{"name":"wp","href":"https:\/\/api.w.org\/{rel}","templated":true}]}}