{"id":2977,"date":"2022-02-01T12:00:28","date_gmt":"2022-02-01T11:00:28","guid":{"rendered":"https:\/\/www.vehiculesanciens-airbuspalays.fr\/?p=2977"},"modified":"2022-02-12T09:34:42","modified_gmt":"2022-02-12T08:34:42","slug":"matra530-atelier-banc-moteur-3","status":"publish","type":"post","link":"https:\/\/www.vehiculesanciens-airbuspalays.fr\/?p=2977","title":{"rendered":"Matra530 &#8211; Atelier banc moteur"},"content":{"rendered":"\n<p>Bonjour \u00e0 Tous,<\/p>\n\n\n\n<p><strong><em><mark style=\"background-color:rgba(0, 0, 0, 0);color:#ff4747\" class=\"has-inline-color\">Le d\u00e9fi lanc\u00e9 \u00e9tait de faire retourner le moteur en Janvier\u00a0: OBJECTIF ATTEINT\u00a0!!<\/mark><\/em> \u00a0<\/strong><\/p>\n\n\n\n<p>Apres un mois de janvier plut\u00f4t focalis\u00e9 sur le banc Moteur, celui-ci a \u00e9t\u00e9 finalis\u00e9&nbsp;: le moteur positionn\u00e9 dessus, tous les raccords ont \u00e9t\u00e9 refait&nbsp;: eau, essence, \u00e9lectrique et nous avons eu la joie de r\u00e9entendre la voix de notre moteur&nbsp;!<\/p>\n\n\n\n<p>Celui-ci a d\u00e9marrer quasiment du premier coup.<\/p>\n\n\n\n<p>Bien s\u00fbr, il reste \u00e0 peaufiner\u00a0:<br>&#8211; Circuit d\u2019essence d\u00e9finitif<br>&#8211; C\u00e2blage \u00e9lectrique d\u00e9finitif<br>&#8211; C\u00e2blage des ventilateur<br>&#8211; C\u00e2blage circuit de charge<br>&#8211; Test de chauffe.<br>&#8230;<\/p>\n\n\n\n<p>Mais ceci est d\u00e9j\u00e0 une grande \u00e9tape\u00a0!<\/p>\n\n\n\n<figure class=\"wp-block-image size-full\"><img loading=\"lazy\" decoding=\"async\" width=\"977\" height=\"768\" src=\"https:\/\/www.vehiculesanciens-airbuspalays.fr\/wp-content\/uploads\/2022\/02\/Compte-Rendu-Atelier-Banc-Moteur-du-01-fevrier.png\" alt=\"\" class=\"wp-image-2980\" srcset=\"https:\/\/www.vehiculesanciens-airbuspalays.fr\/wp-content\/uploads\/2022\/02\/Compte-Rendu-Atelier-Banc-Moteur-du-01-fevrier.png 977w, https:\/\/www.vehiculesanciens-airbuspalays.fr\/wp-content\/uploads\/2022\/02\/Compte-Rendu-Atelier-Banc-Moteur-du-01-fevrier-300x236.png 300w, https:\/\/www.vehiculesanciens-airbuspalays.fr\/wp-content\/uploads\/2022\/02\/Compte-Rendu-Atelier-Banc-Moteur-du-01-fevrier-768x604.png 768w\" sizes=\"auto, (max-width: 977px) 100vw, 977px\" \/><\/figure>\n\n\n\n<p>G\u00e9rard Cassette<br>Votre Vice-pr\u00e9sident<\/p>\n","protected":false},"excerpt":{"rendered":"<p>Bonjour \u00e0 Tous, Le d\u00e9fi lanc\u00e9 \u00e9tait de faire retourner le moteur en Janvier\u00a0: OBJECTIF ATTEINT\u00a0!! \u00a0 Apres un mois de janvier plut\u00f4t focalis\u00e9 sur le banc Moteur, celui-ci a \u00e9t\u00e9 finalis\u00e9&nbsp;: le moteur positionn\u00e9 dessus, tous les raccords ont <a class=\"more-link\" href=\"https:\/\/www.vehiculesanciens-airbuspalays.fr\/?p=2977\">Continuer la lecture <span class=\"screen-reader-text\">  Matra530 &#8211; Atelier banc moteur<\/span><span class=\"meta-nav\">&rarr;<\/span><\/a><\/p>\n","protected":false},"author":1,"featured_media":0,"comment_status":"open","ping_status":"open","sticky":false,"template":"","format":"standard","meta":{"footnotes":""},"categories":[44,8],"tags":[57],"class_list":["post-2977","post","type-post","status-publish","format-standard","hentry","category-projets-collectifs","category-renovation-collective-dune-matra","tag-matra-530"],"publishpress_future_action":{"enabled":false,"date":"2026-05-06 04:34:04","action":"change-status","newStatus":"draft","terms":[],"taxonomy":"category","extraData":[]},"publishpress_future_workflow_manual_trigger":{"enabledWorkflows":[]},"_links":{"self":[{"href":"https:\/\/www.vehiculesanciens-airbuspalays.fr\/index.php?rest_route=\/wp\/v2\/posts\/2977","targetHints":{"allow":["GET"]}}],"collection":[{"href":"https:\/\/www.vehiculesanciens-airbuspalays.fr\/index.php?rest_route=\/wp\/v2\/posts"}],"about":[{"href":"https:\/\/www.vehiculesanciens-airbuspalays.fr\/index.php?rest_route=\/wp\/v2\/types\/post"}],"author":[{"embeddable":true,"href":"https:\/\/www.vehiculesanciens-airbuspalays.fr\/index.php?rest_route=\/wp\/v2\/users\/1"}],"replies":[{"embeddable":true,"href":"https:\/\/www.vehiculesanciens-airbuspalays.fr\/index.php?rest_route=%2Fwp%2Fv2%2Fcomments&post=2977"}],"version-history":[{"count":2,"href":"https:\/\/www.vehiculesanciens-airbuspalays.fr\/index.php?rest_route=\/wp\/v2\/posts\/2977\/revisions"}],"predecessor-version":[{"id":2981,"href":"https:\/\/www.vehiculesanciens-airbuspalays.fr\/index.php?rest_route=\/wp\/v2\/posts\/2977\/revisions\/2981"}],"wp:attachment":[{"href":"https:\/\/www.vehiculesanciens-airbuspalays.fr\/index.php?rest_route=%2Fwp%2Fv2%2Fmedia&parent=2977"}],"wp:term":[{"taxonomy":"category","embeddable":true,"href":"https:\/\/www.vehiculesanciens-airbuspalays.fr\/index.php?rest_route=%2Fwp%2Fv2%2Fcategories&post=2977"},{"taxonomy":"post_tag","embeddable":true,"href":"https:\/\/www.vehiculesanciens-airbuspalays.fr\/index.php?rest_route=%2Fwp%2Fv2%2Ftags&post=2977"}],"curies":[{"name":"wp","href":"https:\/\/api.w.org\/{rel}","templated":true}]}}