{"id":2948,"date":"2021-12-21T12:00:37","date_gmt":"2021-12-21T11:00:37","guid":{"rendered":"https:\/\/www.vehiculesanciens-airbuspalays.fr\/?p=2948"},"modified":"2022-01-02T10:39:35","modified_gmt":"2022-01-02T09:39:35","slug":"matra530-atelier-banc","status":"publish","type":"post","link":"https:\/\/www.vehiculesanciens-airbuspalays.fr\/?p=2948","title":{"rendered":"Matra530 &#8211; Atelier banc"},"content":{"rendered":"\n<p>Bonjour \u00e0 Tous,<\/p>\n\n\n\n<p>Bon &nbsp;effectif a ce dernier atelier Ch\u00e2ssis\/banc de 2021 : Moi, Ren\u00e9, Claude et Philippe&nbsp;! &nbsp;<\/p>\n\n\n\n<p>Et , bien s\u00fbr, toujours Alain en support&nbsp;!<\/p>\n\n\n\n<p><strong><u>Cot\u00e9 Banc&nbsp;:<\/u><\/strong><\/p>\n\n\n\n<p>le moteur a \u00e9t\u00e9 enlev\u00e9 et le support pour le radiateur a \u00e9t\u00e9 construit &nbsp;ainsi qu\u2019une plateforme pour mettre la batterie et le r\u00e9servoir d\u2019essence.<\/p>\n\n\n\n<p>Un portique a \u00e9t\u00e9 ajout\u00e9 pour mettre le tableau \u00e9lectrique.<\/p>\n\n\n\n<p>Le travail de soudure sur le banc est maintenant fini&nbsp;!<\/p>\n\n\n\n<p>Il ne reste plus qu\u2019\u00e0 meuler les soudures, \u00e0 remonter le moteur&nbsp;et assembler le tout.<\/p>\n\n\n\n<p><strong><u>Cot\u00e9 \u00e9lectricit\u00e9 Banc&nbsp;<\/u><\/strong><\/p>\n\n\n\n<p>Philippe et Ren\u00e9, avec Patrick au t\u00e9l\u00e9phone se sont pench\u00e9s sur le radiateur, ses moteurs et la sonde de temp\u00e9rature .<\/p>\n\n\n\n<p>Pas simple car les moteurs ont 3 fils et nous n\u2019avions pas de sch\u00e9ma de c\u00e2blage.<\/p>\n\n\n\n<p>Le rebus a \u00e9t\u00e9 r\u00e9solu et tout est pr\u00eat pour faire le c\u00e2blage du banc sur la partie ventilateur.<\/p>\n\n\n\n<figure class=\"wp-block-image size-full\"><img loading=\"lazy\" decoding=\"async\" width=\"695\" height=\"567\" src=\"https:\/\/www.vehiculesanciens-airbuspalays.fr\/wp-content\/uploads\/2022\/01\/Compte-Rendu-Atelier-Banc-Mardi-21-Dec-1.png\" alt=\"\" class=\"wp-image-2949\" srcset=\"https:\/\/www.vehiculesanciens-airbuspalays.fr\/wp-content\/uploads\/2022\/01\/Compte-Rendu-Atelier-Banc-Mardi-21-Dec-1.png 695w, https:\/\/www.vehiculesanciens-airbuspalays.fr\/wp-content\/uploads\/2022\/01\/Compte-Rendu-Atelier-Banc-Mardi-21-Dec-1-300x245.png 300w\" sizes=\"auto, (max-width: 695px) 100vw, 695px\" \/><\/figure>\n\n\n\n<figure class=\"wp-block-image size-full\"><img loading=\"lazy\" decoding=\"async\" width=\"696\" height=\"592\" src=\"https:\/\/www.vehiculesanciens-airbuspalays.fr\/wp-content\/uploads\/2022\/01\/Compte-Rendu-Atelier-Banc-Mardi-21-Dec-2.png\" alt=\"\" class=\"wp-image-2950\" srcset=\"https:\/\/www.vehiculesanciens-airbuspalays.fr\/wp-content\/uploads\/2022\/01\/Compte-Rendu-Atelier-Banc-Mardi-21-Dec-2.png 696w, https:\/\/www.vehiculesanciens-airbuspalays.fr\/wp-content\/uploads\/2022\/01\/Compte-Rendu-Atelier-Banc-Mardi-21-Dec-2-300x255.png 300w\" sizes=\"auto, (max-width: 696px) 100vw, 696px\" \/><\/figure>\n\n\n\n<p><strong><em><span style=\"color:#ed7606\" class=\"has-inline-color\">Bonnes f\u00eates \u00e0 Tous et Rendez-vous en 2022 pour finir tout cela&nbsp;!!<\/span><\/em><\/strong><\/p>\n\n\n\n<p>G\u00e9rard Cassette<br>Votre Vice-pr\u00e9sident<\/p>\n","protected":false},"excerpt":{"rendered":"<p>Bonjour \u00e0 Tous, Bon &nbsp;effectif a ce dernier atelier Ch\u00e2ssis\/banc de 2021 : Moi, Ren\u00e9, Claude et Philippe&nbsp;! &nbsp; Et , bien s\u00fbr, toujours Alain en support&nbsp;! Cot\u00e9 Banc&nbsp;: le moteur a \u00e9t\u00e9 enlev\u00e9 et le support pour le radiateur <a class=\"more-link\" href=\"https:\/\/www.vehiculesanciens-airbuspalays.fr\/?p=2948\">Continuer la lecture <span class=\"screen-reader-text\">  Matra530 &#8211; Atelier banc<\/span><span class=\"meta-nav\">&rarr;<\/span><\/a><\/p>\n","protected":false},"author":1,"featured_media":0,"comment_status":"open","ping_status":"open","sticky":false,"template":"","format":"standard","meta":{"footnotes":""},"categories":[44,8],"tags":[57],"class_list":["post-2948","post","type-post","status-publish","format-standard","hentry","category-projets-collectifs","category-renovation-collective-dune-matra","tag-matra-530"],"publishpress_future_action":{"enabled":false,"date":"2026-05-08 01:18:00","action":"change-status","newStatus":"draft","terms":[],"taxonomy":"category","extraData":[]},"publishpress_future_workflow_manual_trigger":{"enabledWorkflows":[]},"_links":{"self":[{"href":"https:\/\/www.vehiculesanciens-airbuspalays.fr\/index.php?rest_route=\/wp\/v2\/posts\/2948","targetHints":{"allow":["GET"]}}],"collection":[{"href":"https:\/\/www.vehiculesanciens-airbuspalays.fr\/index.php?rest_route=\/wp\/v2\/posts"}],"about":[{"href":"https:\/\/www.vehiculesanciens-airbuspalays.fr\/index.php?rest_route=\/wp\/v2\/types\/post"}],"author":[{"embeddable":true,"href":"https:\/\/www.vehiculesanciens-airbuspalays.fr\/index.php?rest_route=\/wp\/v2\/users\/1"}],"replies":[{"embeddable":true,"href":"https:\/\/www.vehiculesanciens-airbuspalays.fr\/index.php?rest_route=%2Fwp%2Fv2%2Fcomments&post=2948"}],"version-history":[{"count":2,"href":"https:\/\/www.vehiculesanciens-airbuspalays.fr\/index.php?rest_route=\/wp\/v2\/posts\/2948\/revisions"}],"predecessor-version":[{"id":2952,"href":"https:\/\/www.vehiculesanciens-airbuspalays.fr\/index.php?rest_route=\/wp\/v2\/posts\/2948\/revisions\/2952"}],"wp:attachment":[{"href":"https:\/\/www.vehiculesanciens-airbuspalays.fr\/index.php?rest_route=%2Fwp%2Fv2%2Fmedia&parent=2948"}],"wp:term":[{"taxonomy":"category","embeddable":true,"href":"https:\/\/www.vehiculesanciens-airbuspalays.fr\/index.php?rest_route=%2Fwp%2Fv2%2Fcategories&post=2948"},{"taxonomy":"post_tag","embeddable":true,"href":"https:\/\/www.vehiculesanciens-airbuspalays.fr\/index.php?rest_route=%2Fwp%2Fv2%2Ftags&post=2948"}],"curies":[{"name":"wp","href":"https:\/\/api.w.org\/{rel}","templated":true}]}}