{"id":2930,"date":"2021-12-16T12:00:00","date_gmt":"2021-12-16T11:00:00","guid":{"rendered":"https:\/\/www.vehiculesanciens-airbuspalays.fr\/?p=2930"},"modified":"2022-01-02T10:21:28","modified_gmt":"2022-01-02T09:21:28","slug":"matra530-atelier-chassis-6","status":"publish","type":"post","link":"https:\/\/www.vehiculesanciens-airbuspalays.fr\/?p=2930","title":{"rendered":"Matra530 &#8211; Atelier ch\u00e2ssis"},"content":{"rendered":"\n<p>Bonjour \u00e0 Tous,<\/p>\n\n\n\n<p>Vous pensiez que, apr\u00e8s le succ\u00e8s du remontage ch\u00e2ssis, nous allions faire une pause et prendre un peu de bon temps&nbsp;????<\/p>\n\n\n\n<p><span style=\"color:#e47e00\" class=\"has-inline-color\">Le team du Mardi est une troupe de vieux v\u00e9t\u00e9rans aguerris\u00a0!!!<\/span><br><strong><span style=\"color:#fc8b00\" class=\"has-inline-color\">Cette semaine\u00a0: On vous pr\u00e9sente le banc moteur\u00a0!!!!<\/span><\/strong><\/p>\n\n\n\n<figure class=\"wp-block-image size-full\"><img loading=\"lazy\" decoding=\"async\" width=\"759\" height=\"578\" src=\"https:\/\/www.vehiculesanciens-airbuspalays.fr\/wp-content\/uploads\/2022\/01\/Atelier-chassis-16-12-2021-1.png\" alt=\"\" class=\"wp-image-2934\" srcset=\"https:\/\/www.vehiculesanciens-airbuspalays.fr\/wp-content\/uploads\/2022\/01\/Atelier-chassis-16-12-2021-1.png 759w, https:\/\/www.vehiculesanciens-airbuspalays.fr\/wp-content\/uploads\/2022\/01\/Atelier-chassis-16-12-2021-1-300x228.png 300w\" sizes=\"auto, (max-width: 759px) 100vw, 759px\" \/><\/figure>\n\n\n\n<p>Effectif r\u00e9duit mardi&nbsp;: Moi, Patrick, Ren\u00e9 et Claude mais&nbsp;: Ca coupe, \u00e7a soude, \u00e7a meule&nbsp;!!<\/p>\n\n\n\n<p>Moi et Patrick avons travaill\u00e9 mercredi et jeudi pour arriver \u00e0 cela ( avec un vaccin Covid dans un \u00e9paule pour ma part&nbsp;\ud83d\ude0a&nbsp;)<\/p>\n\n\n\n<p>On est parti d\u2019une traverse d\u2019Alain (Merci Alain) que l\u2019on a perc\u00e9\/tarauder car les boulon \u00e9tait HS.<\/p>\n\n\n\n<p>Bon, il reste encore la \u00ab&nbsp;Custom&nbsp;\u00bb&nbsp;: radiateur, r\u00e9servoir essence, tableau de commande mais le plus dur et fait&nbsp;: on sera bient\u00f4t capable de refaire tourner le moteur.<\/p>\n\n\n\n<p><span class=\"has-inline-color has-blue-color\"><strong>J\u2019esp\u00e8re que cela cr\u00e9era des vocations pour venir s\u2019occuper de ce banc\u00a0!<\/strong><\/span><\/p>\n\n\n\n<p>Le but est de remonter l\u2019ensemble du train arri\u00e8re, de peindre le banc au Jaune Matra et d\u2019exposer le tout au MEET ou aux expo du CSE.<\/p>\n\n\n\n<p>L\u2019int\u00e9r\u00eat de ce banc est qu\u2019il est exactement dans la configuration de la position du moteur dans la Matra&nbsp;: avec traverses moteur et boite.<\/p>\n\n\n\n<p>Grace a Ren\u00e9 et Claude, le touret a \u00e9t\u00e9 s\u00e9curis\u00e9&nbsp;:<\/p>\n\n\n\n<figure class=\"wp-block-image size-full\"><img loading=\"lazy\" decoding=\"async\" width=\"448\" height=\"681\" src=\"https:\/\/www.vehiculesanciens-airbuspalays.fr\/wp-content\/uploads\/2022\/01\/Atelier-chassis-16-12-2021-2.png\" alt=\"\" class=\"wp-image-2933\" srcset=\"https:\/\/www.vehiculesanciens-airbuspalays.fr\/wp-content\/uploads\/2022\/01\/Atelier-chassis-16-12-2021-2.png 448w, https:\/\/www.vehiculesanciens-airbuspalays.fr\/wp-content\/uploads\/2022\/01\/Atelier-chassis-16-12-2021-2-197x300.png 197w\" sizes=\"auto, (max-width: 448px) 100vw, 448px\" \/><\/figure>\n\n\n\n<p>J\u2019a aussi achet\u00e9 un chariot pour notre poste \u00e0 souder\u00a0:<\/p>\n\n\n\n<figure class=\"wp-block-image size-full\"><img loading=\"lazy\" decoding=\"async\" width=\"469\" height=\"648\" src=\"https:\/\/www.vehiculesanciens-airbuspalays.fr\/wp-content\/uploads\/2022\/01\/Atelier-chassis-16-12-2021-3.png\" alt=\"\" class=\"wp-image-2935\" srcset=\"https:\/\/www.vehiculesanciens-airbuspalays.fr\/wp-content\/uploads\/2022\/01\/Atelier-chassis-16-12-2021-3.png 469w, https:\/\/www.vehiculesanciens-airbuspalays.fr\/wp-content\/uploads\/2022\/01\/Atelier-chassis-16-12-2021-3-217x300.png 217w\" sizes=\"auto, (max-width: 469px) 100vw, 469px\" \/><\/figure>\n\n\n\n<p>Ca fait moins bricolage que notre poste sur un autre poste \u00e0 souder&nbsp;\ud83d\ude0a<\/p>\n\n\n\n<p>G\u00e9rard Cassette<br>Votre Vice-pr\u00e9sident<\/p>\n","protected":false},"excerpt":{"rendered":"<p>Bonjour \u00e0 Tous, Vous pensiez que, apr\u00e8s le succ\u00e8s du remontage ch\u00e2ssis, nous allions faire une pause et prendre un peu de bon temps&nbsp;???? Le team du Mardi est une troupe de vieux v\u00e9t\u00e9rans aguerris\u00a0!!!Cette semaine\u00a0: On vous pr\u00e9sente le <a class=\"more-link\" href=\"https:\/\/www.vehiculesanciens-airbuspalays.fr\/?p=2930\">Continuer la lecture <span class=\"screen-reader-text\">  Matra530 &#8211; Atelier ch\u00e2ssis<\/span><span class=\"meta-nav\">&rarr;<\/span><\/a><\/p>\n","protected":false},"author":1,"featured_media":0,"comment_status":"open","ping_status":"open","sticky":false,"template":"","format":"standard","meta":{"footnotes":""},"categories":[44,8],"tags":[57],"class_list":["post-2930","post","type-post","status-publish","format-standard","hentry","category-projets-collectifs","category-renovation-collective-dune-matra","tag-matra-530"],"publishpress_future_action":{"enabled":false,"date":"2026-05-08 19:09:58","action":"change-status","newStatus":"draft","terms":[],"taxonomy":"category","extraData":[]},"publishpress_future_workflow_manual_trigger":{"enabledWorkflows":[]},"_links":{"self":[{"href":"https:\/\/www.vehiculesanciens-airbuspalays.fr\/index.php?rest_route=\/wp\/v2\/posts\/2930","targetHints":{"allow":["GET"]}}],"collection":[{"href":"https:\/\/www.vehiculesanciens-airbuspalays.fr\/index.php?rest_route=\/wp\/v2\/posts"}],"about":[{"href":"https:\/\/www.vehiculesanciens-airbuspalays.fr\/index.php?rest_route=\/wp\/v2\/types\/post"}],"author":[{"embeddable":true,"href":"https:\/\/www.vehiculesanciens-airbuspalays.fr\/index.php?rest_route=\/wp\/v2\/users\/1"}],"replies":[{"embeddable":true,"href":"https:\/\/www.vehiculesanciens-airbuspalays.fr\/index.php?rest_route=%2Fwp%2Fv2%2Fcomments&post=2930"}],"version-history":[{"count":3,"href":"https:\/\/www.vehiculesanciens-airbuspalays.fr\/index.php?rest_route=\/wp\/v2\/posts\/2930\/revisions"}],"predecessor-version":[{"id":2936,"href":"https:\/\/www.vehiculesanciens-airbuspalays.fr\/index.php?rest_route=\/wp\/v2\/posts\/2930\/revisions\/2936"}],"wp:attachment":[{"href":"https:\/\/www.vehiculesanciens-airbuspalays.fr\/index.php?rest_route=%2Fwp%2Fv2%2Fmedia&parent=2930"}],"wp:term":[{"taxonomy":"category","embeddable":true,"href":"https:\/\/www.vehiculesanciens-airbuspalays.fr\/index.php?rest_route=%2Fwp%2Fv2%2Fcategories&post=2930"},{"taxonomy":"post_tag","embeddable":true,"href":"https:\/\/www.vehiculesanciens-airbuspalays.fr\/index.php?rest_route=%2Fwp%2Fv2%2Ftags&post=2930"}],"curies":[{"name":"wp","href":"https:\/\/api.w.org\/{rel}","templated":true}]}}