{"id":2894,"date":"2021-11-16T16:28:23","date_gmt":"2021-11-16T15:28:23","guid":{"rendered":"https:\/\/www.vehiculesanciens-airbuspalays.fr\/?p=2894"},"modified":"2021-11-27T16:30:18","modified_gmt":"2021-11-27T15:30:18","slug":"0a530-atelier-chassis-5-2-2","status":"publish","type":"post","link":"https:\/\/www.vehiculesanciens-airbuspalays.fr\/?p=2894","title":{"rendered":"Matra530 &#8211; Atelier ch\u00e2ssis"},"content":{"rendered":"\n<p>Bonjour \u00e0 Tous,<\/p>\n\n\n\n<p>Tr\u00e8s bonne participation \u00e0 l\u2019atelier Ch\u00e2ssis du Mardi 16 novembre&nbsp;! Nous \u00e9tions 7 pr\u00e9sents&nbsp;! (Une pens\u00e9e pour notre \u00ab&nbsp;Blaise&nbsp;\u00bb de nouveau hors service mais on esp\u00e8re son retour bient\u00f4t&nbsp;! Blaise&nbsp;: on pense \u00e0 toi&nbsp;!)<\/p>\n\n\n\n<p>Grosse activit\u00e9 cot\u00e9 ch\u00e2ssis , bien s\u00fbr, o\u00f9 l\u2019\u00e9quipe se repartie entre la plateforme du bas ch\u00e2ssis o\u00f9 l\u2019on commence \u00e0 fixer les planchers et le haut ch\u00e2ssis o\u00f9 l\u2019on est en plein dans la consolidation de la partie non remplac\u00e9 et la pr\u00e9paration du r\u00e9assemblage des 3 morceau de notre future Matra 530&nbsp;!<\/p>\n\n\n\n<p>Le bas ch\u00e2ssis en cours de finition&nbsp;:<\/p>\n\n\n\n<figure class=\"wp-block-image size-full\"><img loading=\"lazy\" decoding=\"async\" width=\"728\" height=\"509\" src=\"https:\/\/www.vehiculesanciens-airbuspalays.fr\/wp-content\/uploads\/2021\/11\/Compte-Rendu-Atelier-Chassis-Mardi-16-Nov-21-1.png\" alt=\"\" class=\"wp-image-2895\" srcset=\"https:\/\/www.vehiculesanciens-airbuspalays.fr\/wp-content\/uploads\/2021\/11\/Compte-Rendu-Atelier-Chassis-Mardi-16-Nov-21-1.png 728w, https:\/\/www.vehiculesanciens-airbuspalays.fr\/wp-content\/uploads\/2021\/11\/Compte-Rendu-Atelier-Chassis-Mardi-16-Nov-21-1-300x210.png 300w\" sizes=\"auto, (max-width: 728px) 100vw, 728px\" \/><\/figure>\n\n\n\n<p>L\u2019arri\u00e8re en cours de consolidation&nbsp;:<\/p>\n\n\n\n<p>On peut voir notre tr\u00e9sorier en plein travail de carrosserie&nbsp;!<\/p>\n\n\n\n<figure class=\"wp-block-image size-full\"><img loading=\"lazy\" decoding=\"async\" width=\"735\" height=\"497\" src=\"https:\/\/www.vehiculesanciens-airbuspalays.fr\/wp-content\/uploads\/2021\/11\/Compte-Rendu-Atelier-Chassis-Mardi-16-Nov-21-2.png\" alt=\"\" class=\"wp-image-2896\" srcset=\"https:\/\/www.vehiculesanciens-airbuspalays.fr\/wp-content\/uploads\/2021\/11\/Compte-Rendu-Atelier-Chassis-Mardi-16-Nov-21-2.png 735w, https:\/\/www.vehiculesanciens-airbuspalays.fr\/wp-content\/uploads\/2021\/11\/Compte-Rendu-Atelier-Chassis-Mardi-16-Nov-21-2-300x203.png 300w\" sizes=\"auto, (max-width: 735px) 100vw, 735px\" \/><\/figure>\n\n\n\n<p>Et Patrick (S) qui est venue sur la partie \u00e9lectrique.<\/p>\n\n\n\n<figure class=\"wp-block-image size-full\"><img loading=\"lazy\" decoding=\"async\" width=\"480\" height=\"548\" src=\"https:\/\/www.vehiculesanciens-airbuspalays.fr\/wp-content\/uploads\/2021\/11\/Compte-Rendu-Atelier-Chassis-Mardi-16-Nov-21-3.png\" alt=\"\" class=\"wp-image-2897\" srcset=\"https:\/\/www.vehiculesanciens-airbuspalays.fr\/wp-content\/uploads\/2021\/11\/Compte-Rendu-Atelier-Chassis-Mardi-16-Nov-21-3.png 480w, https:\/\/www.vehiculesanciens-airbuspalays.fr\/wp-content\/uploads\/2021\/11\/Compte-Rendu-Atelier-Chassis-Mardi-16-Nov-21-3-263x300.png 263w\" sizes=\"auto, (max-width: 480px) 100vw, 480px\" \/><\/figure>\n\n\n\n<p>N\u2019h\u00e9sitez pas a venir nous rejoindre , le r\u00eave serait que chaque membre vienne faire une pi\u00e8ce sur le ch\u00e2ssis&nbsp;! Cela ferait un superbe souvenir quand elle roulera&nbsp;!<\/p>\n\n\n\n<p>Pour le team Ch\u00e2ssis<br>G\u00e9rard Cassette<br>Votre Vice-pr\u00e9sident<\/p>\n","protected":false},"excerpt":{"rendered":"<p>Bonjour \u00e0 Tous, Tr\u00e8s bonne participation \u00e0 l\u2019atelier Ch\u00e2ssis du Mardi 16 novembre&nbsp;! Nous \u00e9tions 7 pr\u00e9sents&nbsp;! (Une pens\u00e9e pour notre \u00ab&nbsp;Blaise&nbsp;\u00bb de nouveau hors service mais on esp\u00e8re son retour bient\u00f4t&nbsp;! Blaise&nbsp;: on pense \u00e0 toi&nbsp;!) Grosse activit\u00e9 cot\u00e9 <a class=\"more-link\" href=\"https:\/\/www.vehiculesanciens-airbuspalays.fr\/?p=2894\">Continuer la lecture <span class=\"screen-reader-text\">  Matra530 &#8211; Atelier ch\u00e2ssis<\/span><span class=\"meta-nav\">&rarr;<\/span><\/a><\/p>\n","protected":false},"author":1,"featured_media":0,"comment_status":"open","ping_status":"open","sticky":false,"template":"","format":"standard","meta":{"footnotes":""},"categories":[44,8],"tags":[57],"class_list":["post-2894","post","type-post","status-publish","format-standard","hentry","category-projets-collectifs","category-renovation-collective-dune-matra","tag-matra-530"],"publishpress_future_action":{"enabled":false,"date":"2026-05-07 15:45:11","action":"change-status","newStatus":"draft","terms":[],"taxonomy":"category","extraData":[]},"publishpress_future_workflow_manual_trigger":{"enabledWorkflows":[]},"_links":{"self":[{"href":"https:\/\/www.vehiculesanciens-airbuspalays.fr\/index.php?rest_route=\/wp\/v2\/posts\/2894","targetHints":{"allow":["GET"]}}],"collection":[{"href":"https:\/\/www.vehiculesanciens-airbuspalays.fr\/index.php?rest_route=\/wp\/v2\/posts"}],"about":[{"href":"https:\/\/www.vehiculesanciens-airbuspalays.fr\/index.php?rest_route=\/wp\/v2\/types\/post"}],"author":[{"embeddable":true,"href":"https:\/\/www.vehiculesanciens-airbuspalays.fr\/index.php?rest_route=\/wp\/v2\/users\/1"}],"replies":[{"embeddable":true,"href":"https:\/\/www.vehiculesanciens-airbuspalays.fr\/index.php?rest_route=%2Fwp%2Fv2%2Fcomments&post=2894"}],"version-history":[{"count":1,"href":"https:\/\/www.vehiculesanciens-airbuspalays.fr\/index.php?rest_route=\/wp\/v2\/posts\/2894\/revisions"}],"predecessor-version":[{"id":2898,"href":"https:\/\/www.vehiculesanciens-airbuspalays.fr\/index.php?rest_route=\/wp\/v2\/posts\/2894\/revisions\/2898"}],"wp:attachment":[{"href":"https:\/\/www.vehiculesanciens-airbuspalays.fr\/index.php?rest_route=%2Fwp%2Fv2%2Fmedia&parent=2894"}],"wp:term":[{"taxonomy":"category","embeddable":true,"href":"https:\/\/www.vehiculesanciens-airbuspalays.fr\/index.php?rest_route=%2Fwp%2Fv2%2Fcategories&post=2894"},{"taxonomy":"post_tag","embeddable":true,"href":"https:\/\/www.vehiculesanciens-airbuspalays.fr\/index.php?rest_route=%2Fwp%2Fv2%2Ftags&post=2894"}],"curies":[{"name":"wp","href":"https:\/\/api.w.org\/{rel}","templated":true}]}}