{"id":2805,"date":"2021-10-21T08:24:21","date_gmt":"2021-10-21T06:24:21","guid":{"rendered":"https:\/\/www.vehiculesanciens-airbuspalays.fr\/?p=2805"},"modified":"2021-10-23T08:24:35","modified_gmt":"2021-10-23T06:24:35","slug":"matra530-atelier-chassis-4","status":"publish","type":"post","link":"https:\/\/www.vehiculesanciens-airbuspalays.fr\/?p=2805","title":{"rendered":"Matra530 &#8211; Atelier ch\u00e2ssis"},"content":{"rendered":"\n<p>Bonjour \u00e0 Tous,<\/p>\n\n\n\n<p>Le compte rendu tiendra en 1 image Phare\u00a0:<\/p>\n\n\n\n<figure class=\"wp-block-image size-full\"><img decoding=\"async\" src=\"https:\/\/www.vehiculesanciens-airbuspalays.fr\/wp-content\/uploads\/2021\/10\/Atelier-chassis-Matra-21-oct-2021.png\" alt=\"\" class=\"wp-image-2808\"\/><\/figure>\n\n\n\n<p>Et oui, notre \u00ab&nbsp;bas ch\u00e2ssis&nbsp;\u00bb est compl\u00e8tement soud\u00e9 selon les normes donn\u00e9es par l\u2019 expert carrossier&nbsp;!<\/p>\n\n\n\n<p>M\u00eame voir plus&nbsp;:<\/p>\n\n\n\n<p>On a soud\u00e9 \u00e0 la soudeuse a point + bouchonnage au MIG&nbsp;+ Point chainette sur certaines soudures ! donc ceinture + bretelles&nbsp;+ Bretelles !<\/p>\n\n\n\n<p>(On peut aussi vous dire que le MIG est effectivement souvent a Fond )<\/p>\n\n\n\n<p>Il nous reste encore a finir quelques points de renfort puis \u00e0 nettoyer les soudures + mettre une petite couche d\u2019apr\u00e8s et on passera a l\u2019essai final sur le ch\u00e2ssis<\/p>\n\n\n\n<p>Pour le team Ch\u00e2ssis<\/p>\n\n\n\n<p>G\u00e9rard Cassette<br>Votre Vice-pr\u00e9sident<\/p>\n\n\n\n<p><\/p>\n\n\n\n<p><\/p>\n","protected":false},"excerpt":{"rendered":"<p>Bonjour \u00e0 Tous, Le compte rendu tiendra en 1 image Phare\u00a0: Et oui, notre \u00ab&nbsp;bas ch\u00e2ssis&nbsp;\u00bb est compl\u00e8tement soud\u00e9 selon les normes donn\u00e9es par l\u2019 expert carrossier&nbsp;! M\u00eame voir plus&nbsp;: On a soud\u00e9 \u00e0 la soudeuse a point + bouchonnage <a class=\"more-link\" href=\"https:\/\/www.vehiculesanciens-airbuspalays.fr\/?p=2805\">Continuer la lecture <span class=\"screen-reader-text\">  Matra530 &#8211; Atelier ch\u00e2ssis<\/span><span class=\"meta-nav\">&rarr;<\/span><\/a><\/p>\n","protected":false},"author":1,"featured_media":0,"comment_status":"open","ping_status":"open","sticky":false,"template":"","format":"standard","meta":{"footnotes":""},"categories":[44,8],"tags":[57],"class_list":["post-2805","post","type-post","status-publish","format-standard","hentry","category-projets-collectifs","category-renovation-collective-dune-matra","tag-matra-530"],"publishpress_future_action":{"enabled":false,"date":"2026-05-07 23:25:08","action":"change-status","newStatus":"draft","terms":[],"taxonomy":"category","extraData":[]},"publishpress_future_workflow_manual_trigger":{"enabledWorkflows":[]},"_links":{"self":[{"href":"https:\/\/www.vehiculesanciens-airbuspalays.fr\/index.php?rest_route=\/wp\/v2\/posts\/2805","targetHints":{"allow":["GET"]}}],"collection":[{"href":"https:\/\/www.vehiculesanciens-airbuspalays.fr\/index.php?rest_route=\/wp\/v2\/posts"}],"about":[{"href":"https:\/\/www.vehiculesanciens-airbuspalays.fr\/index.php?rest_route=\/wp\/v2\/types\/post"}],"author":[{"embeddable":true,"href":"https:\/\/www.vehiculesanciens-airbuspalays.fr\/index.php?rest_route=\/wp\/v2\/users\/1"}],"replies":[{"embeddable":true,"href":"https:\/\/www.vehiculesanciens-airbuspalays.fr\/index.php?rest_route=%2Fwp%2Fv2%2Fcomments&post=2805"}],"version-history":[{"count":1,"href":"https:\/\/www.vehiculesanciens-airbuspalays.fr\/index.php?rest_route=\/wp\/v2\/posts\/2805\/revisions"}],"predecessor-version":[{"id":2813,"href":"https:\/\/www.vehiculesanciens-airbuspalays.fr\/index.php?rest_route=\/wp\/v2\/posts\/2805\/revisions\/2813"}],"wp:attachment":[{"href":"https:\/\/www.vehiculesanciens-airbuspalays.fr\/index.php?rest_route=%2Fwp%2Fv2%2Fmedia&parent=2805"}],"wp:term":[{"taxonomy":"category","embeddable":true,"href":"https:\/\/www.vehiculesanciens-airbuspalays.fr\/index.php?rest_route=%2Fwp%2Fv2%2Fcategories&post=2805"},{"taxonomy":"post_tag","embeddable":true,"href":"https:\/\/www.vehiculesanciens-airbuspalays.fr\/index.php?rest_route=%2Fwp%2Fv2%2Ftags&post=2805"}],"curies":[{"name":"wp","href":"https:\/\/api.w.org\/{rel}","templated":true}]}}