{"id":2796,"date":"2021-10-16T08:16:00","date_gmt":"2021-10-16T06:16:00","guid":{"rendered":"https:\/\/www.vehiculesanciens-airbuspalays.fr\/?p=2796"},"modified":"2021-10-23T08:18:26","modified_gmt":"2021-10-23T06:18:26","slug":"matra530-journee-avec-le-carrossier","status":"publish","type":"post","link":"https:\/\/www.vehiculesanciens-airbuspalays.fr\/?p=2796","title":{"rendered":"Matra530 &#8211; Journ\u00e9e avec le carrossier"},"content":{"rendered":"\n<p>Bonjour \u00e0 Tous,<\/p>\n\n\n\n<p>Un rapide d\u00e9briefing sur notre premi\u00e8re travail avec le carrossier&nbsp;Samedi Apr\u00e8s-midi ( sans parler technique , je ferai des CR plus d\u00e9taill\u00e9s dans d\u2019autres messages pour la technique )<\/p>\n\n\n\n<p>Super S\u00e9ance d\u2019atelier car Patrice (notre carrossier) est tr\u00e8s p\u00e9dagogue, patient, pr\u00e9cis, ponctuel&nbsp;!tr\u00e8s technique mais il utilise un vocabulaire compr\u00e9hensible par tous, ( bref, je ne lui ai pas trouv\u00e9 de d\u00e9fauts&nbsp;\ud83d\ude0a)<\/p>\n\n\n\n<p>Le programme a \u00e9t\u00e9 un peu chamboul\u00e9 par rapport \u00e0 ce que j\u2019avais pr\u00e9vu &nbsp;car Patrice a commenc\u00e9 par \u00ab&nbsp;qualifier&nbsp;\u00bb notre mat\u00e9riel et nous donner \u00e9norm\u00e9ment d\u2019explication sur la qualit\u00e9 d\u2019un soudage &nbsp;et d\u00e9finir si notre mat\u00e9riel de soudage pouvait convenir ou pas pour ce travail de restauration (en gros&nbsp;: NON&nbsp;\ud83d\ude0a&nbsp;\u2026 Heureusement que j\u2019avais ramen\u00e9 mon petit poste chinois qui, lui, a \u00e9t\u00e9 qualifi\u00e9)<\/p>\n\n\n\n<p>Puis nous a form\u00e9 sur des gestes de bases pour la soudure (le bouchonnage)<\/p>\n\n\n\n<p>Si l\u2019on r\u00e9sume en 3 phares&nbsp;:<\/p>\n\n\n\n<ol class=\"wp-block-list\"><li>On a appris \u00e9norm\u00e9ment<\/li><li>On a pas avanc\u00e9 beaucoup dans le ch\u00e2ssis (1\/3 de l\u2019objectif&nbsp;\ud83d\ude0a&nbsp;)<\/li><li>Mais Patrice nous a rendu autonome \u00ab&nbsp;au moins&nbsp;\u00bb pour le mois qui va suivre (si pas 2) donc c\u2019est encore mieux qui si il avait fait le travail lui-m\u00eame.<\/li><\/ol>\n\n\n\n<p><strong>Donc Bilan Tr\u00e8s tr\u00e8s positif&nbsp;; car on a eu un avis de professionnel sur notre travail, nos \u00e9quipements, notre m\u00e9thode de restauration et tous les conseils pour continuer de mani\u00e8re PRO.<\/strong><\/p>\n\n\n\n<p><strong>Par contre il faudra pr\u00e9voir d\u2019autres s\u00e9ance pour arriver \u00e0 notre objectif&nbsp;( les soudures de s\u00e9curit\u00e9 seront faites par lui).<\/strong><\/p>\n\n\n\n<p>Pour ma part, j\u2019ai \u00e9t\u00e9 heureux du r\u00e9sultat car cela m\u2019avait pris pas mal de &nbsp;temps pour organiser cette session et j\u2019avais aussi ramen\u00e9 pas beaucoup de mon mat\u00e9riel (casque pour la soudure, le poste MIG, perceuse, visseuse, m\u00e8ches, torche plasma, etc) afin de ne pas se retrouver bloqu\u00e9.<\/p>\n\n\n\n<p>Pour le team Ch\u00e2ssis<br>G\u00e9rard Cassette<br>Votre Vice-pr\u00e9sident  <\/p>\n\n\n\n<figure class=\"wp-block-image size-full\"><img decoding=\"async\" src=\"https:\/\/www.vehiculesanciens-airbuspalays.fr\/wp-content\/uploads\/2021\/10\/Matra-journee-carrossier-16-oct-2021-1.png\" alt=\"\" class=\"wp-image-2797\"\/><figcaption>Notre Groupe avec Patrice (le troisi\u00e8me sur la droite)<\/figcaption><\/figure>\n\n\n\n<figure class=\"wp-block-image size-full\"><img decoding=\"async\" src=\"https:\/\/www.vehiculesanciens-airbuspalays.fr\/wp-content\/uploads\/2021\/10\/Matra-journee-carrossier-16-oct-2021-2.png\" alt=\"\" class=\"wp-image-2798\"\/><figcaption>Rappeler vous bien de la position pour souder\u00a0\ud83d\ude0a\u00a0<\/figcaption><\/figure>\n\n\n\n<figure class=\"wp-block-image size-full\"><img decoding=\"async\" src=\"https:\/\/www.vehiculesanciens-airbuspalays.fr\/wp-content\/uploads\/2021\/10\/Matra-journee-carrossier-16-oct-2021-3.png\" alt=\"\" class=\"wp-image-2799\"\/><figcaption>Test de \u00a0bouchonnage\u00a0pour qualifier le poste MIG<\/figcaption><\/figure>\n\n\n\n<figure class=\"wp-block-image size-full\"><img decoding=\"async\" src=\"https:\/\/www.vehiculesanciens-airbuspalays.fr\/wp-content\/uploads\/2021\/10\/Matra-journee-carrossier-16-oct-2021-4.png\" alt=\"\" class=\"wp-image-2800\"\/><figcaption>Quand patrice nous rectifie la position\u00a0!<\/figcaption><\/figure>\n\n\n\n<figure class=\"wp-block-image size-full\"><img decoding=\"async\" src=\"https:\/\/www.vehiculesanciens-airbuspalays.fr\/wp-content\/uploads\/2021\/10\/Matra-journee-carrossier-16-oct-2021-5.png\" alt=\"\" class=\"wp-image-2801\"\/><figcaption>Comme dans l\u2019ancien temps\u00a0: A deux sur une meule\u00a0!<\/figcaption><\/figure>\n","protected":false},"excerpt":{"rendered":"<p>Bonjour \u00e0 Tous, Un rapide d\u00e9briefing sur notre premi\u00e8re travail avec le carrossier&nbsp;Samedi Apr\u00e8s-midi ( sans parler technique , je ferai des CR plus d\u00e9taill\u00e9s dans d\u2019autres messages pour la technique ) Super S\u00e9ance d\u2019atelier car Patrice (notre carrossier) est <a class=\"more-link\" href=\"https:\/\/www.vehiculesanciens-airbuspalays.fr\/?p=2796\">Continuer la lecture <span class=\"screen-reader-text\">  Matra530 &#8211; Journ\u00e9e avec le carrossier<\/span><span class=\"meta-nav\">&rarr;<\/span><\/a><\/p>\n","protected":false},"author":1,"featured_media":0,"comment_status":"open","ping_status":"open","sticky":false,"template":"","format":"standard","meta":{"footnotes":""},"categories":[44,8],"tags":[57],"class_list":["post-2796","post","type-post","status-publish","format-standard","hentry","category-projets-collectifs","category-renovation-collective-dune-matra","tag-matra-530"],"publishpress_future_action":{"enabled":false,"date":"2026-05-07 23:25:06","action":"change-status","newStatus":"draft","terms":[],"taxonomy":"category","extraData":[]},"publishpress_future_workflow_manual_trigger":{"enabledWorkflows":[]},"_links":{"self":[{"href":"https:\/\/www.vehiculesanciens-airbuspalays.fr\/index.php?rest_route=\/wp\/v2\/posts\/2796","targetHints":{"allow":["GET"]}}],"collection":[{"href":"https:\/\/www.vehiculesanciens-airbuspalays.fr\/index.php?rest_route=\/wp\/v2\/posts"}],"about":[{"href":"https:\/\/www.vehiculesanciens-airbuspalays.fr\/index.php?rest_route=\/wp\/v2\/types\/post"}],"author":[{"embeddable":true,"href":"https:\/\/www.vehiculesanciens-airbuspalays.fr\/index.php?rest_route=\/wp\/v2\/users\/1"}],"replies":[{"embeddable":true,"href":"https:\/\/www.vehiculesanciens-airbuspalays.fr\/index.php?rest_route=%2Fwp%2Fv2%2Fcomments&post=2796"}],"version-history":[{"count":2,"href":"https:\/\/www.vehiculesanciens-airbuspalays.fr\/index.php?rest_route=\/wp\/v2\/posts\/2796\/revisions"}],"predecessor-version":[{"id":2804,"href":"https:\/\/www.vehiculesanciens-airbuspalays.fr\/index.php?rest_route=\/wp\/v2\/posts\/2796\/revisions\/2804"}],"wp:attachment":[{"href":"https:\/\/www.vehiculesanciens-airbuspalays.fr\/index.php?rest_route=%2Fwp%2Fv2%2Fmedia&parent=2796"}],"wp:term":[{"taxonomy":"category","embeddable":true,"href":"https:\/\/www.vehiculesanciens-airbuspalays.fr\/index.php?rest_route=%2Fwp%2Fv2%2Fcategories&post=2796"},{"taxonomy":"post_tag","embeddable":true,"href":"https:\/\/www.vehiculesanciens-airbuspalays.fr\/index.php?rest_route=%2Fwp%2Fv2%2Ftags&post=2796"}],"curies":[{"name":"wp","href":"https:\/\/api.w.org\/{rel}","templated":true}]}}