{"id":2768,"date":"2021-10-02T10:58:56","date_gmt":"2021-10-02T08:58:56","guid":{"rendered":"https:\/\/www.vehiculesanciens-airbuspalays.fr\/?p=2768"},"modified":"2021-10-09T11:09:53","modified_gmt":"2021-10-09T09:09:53","slug":"matra530-atelier-banc-moteur-3-2","status":"publish","type":"post","link":"https:\/\/www.vehiculesanciens-airbuspalays.fr\/?p=2768","title":{"rendered":"Matra530 &#8211; Atelier banc moteur"},"content":{"rendered":"\n<p>Bonjour \u00e0 tous&nbsp;!<\/p>\n\n\n\n<p>Apres la grosse reprise de l\u2019atelier du Mardi, c\u2019\u00e9tait au tour de l\u2019atelier du Samedi \u00e0 faire une grosse reprise avec de nombreux participants&nbsp;:<\/p>\n\n\n\n<p>Moi, Didier avec un futur nouvel adh\u00e8rent, paul, Nico, Alex, un passage de Bernard, (j\u2019esp\u00e8re que j\u2019oublie personne&nbsp;\ud83d\ude0a&nbsp;)<\/p>\n\n\n\n<p>Le banc a bien &nbsp;progress\u00e9&nbsp;gr\u00e2ce \u00e0 l\u2019aide de Nico et de Didier : j\u2019esp\u00e8re pouvoir avoir une base propre avec 2 autres ateliers&nbsp;; il faudra ensuite le finaliser (essence, r\u00e9servoir, radiateur)<\/p>\n\n\n\n<figure class=\"wp-block-image size-large\"><img loading=\"lazy\" decoding=\"async\" width=\"1017\" height=\"768\" src=\"https:\/\/www.vehiculesanciens-airbuspalays.fr\/wp-content\/uploads\/2021\/10\/Matra530-CR-02-10-2021.png\" alt=\"\" class=\"wp-image-2771\" srcset=\"https:\/\/www.vehiculesanciens-airbuspalays.fr\/wp-content\/uploads\/2021\/10\/Matra530-CR-02-10-2021.png 1017w, https:\/\/www.vehiculesanciens-airbuspalays.fr\/wp-content\/uploads\/2021\/10\/Matra530-CR-02-10-2021-300x227.png 300w, https:\/\/www.vehiculesanciens-airbuspalays.fr\/wp-content\/uploads\/2021\/10\/Matra530-CR-02-10-2021-768x580.png 768w\" sizes=\"auto, (max-width: 1017px) 100vw, 1017px\" \/><\/figure>\n\n\n\n<p>Alex et bernard se consacrant \u00e0 la carrosserie.<\/p>\n\n\n\n<p>N\u2019h\u00e9sitez pas \u00e0 venir nous rejoindre&nbsp;! le rythme des ateliers du Samedi matin est reparti&nbsp;!<\/p>\n\n\n\n<p>(pour \u00eatre int\u00e9gr\u00e9 dans un atelier, il suffit de me contacter par email ou Tel pour que l\u2019on se fixe un RDV)<\/p>\n\n\n\n<p><strong><u>G\u00e9rard CASSETTE<\/u><\/strong><\/p>\n","protected":false},"excerpt":{"rendered":"<p>Bonjour \u00e0 tous&nbsp;! Apres la grosse reprise de l\u2019atelier du Mardi, c\u2019\u00e9tait au tour de l\u2019atelier du Samedi \u00e0 faire une grosse reprise avec de nombreux participants&nbsp;: Moi, Didier avec un futur nouvel adh\u00e8rent, paul, Nico, Alex, un passage de <a class=\"more-link\" href=\"https:\/\/www.vehiculesanciens-airbuspalays.fr\/?p=2768\">Continuer la lecture <span class=\"screen-reader-text\">  Matra530 &#8211; Atelier banc moteur<\/span><span class=\"meta-nav\">&rarr;<\/span><\/a><\/p>\n","protected":false},"author":1,"featured_media":0,"comment_status":"open","ping_status":"open","sticky":false,"template":"","format":"standard","meta":{"footnotes":""},"categories":[44,8],"tags":[57],"class_list":["post-2768","post","type-post","status-publish","format-standard","hentry","category-projets-collectifs","category-renovation-collective-dune-matra","tag-matra-530"],"publishpress_future_action":{"enabled":false,"date":"2026-05-07 23:25:06","action":"change-status","newStatus":"draft","terms":[],"taxonomy":"category","extraData":[]},"publishpress_future_workflow_manual_trigger":{"enabledWorkflows":[]},"_links":{"self":[{"href":"https:\/\/www.vehiculesanciens-airbuspalays.fr\/index.php?rest_route=\/wp\/v2\/posts\/2768","targetHints":{"allow":["GET"]}}],"collection":[{"href":"https:\/\/www.vehiculesanciens-airbuspalays.fr\/index.php?rest_route=\/wp\/v2\/posts"}],"about":[{"href":"https:\/\/www.vehiculesanciens-airbuspalays.fr\/index.php?rest_route=\/wp\/v2\/types\/post"}],"author":[{"embeddable":true,"href":"https:\/\/www.vehiculesanciens-airbuspalays.fr\/index.php?rest_route=\/wp\/v2\/users\/1"}],"replies":[{"embeddable":true,"href":"https:\/\/www.vehiculesanciens-airbuspalays.fr\/index.php?rest_route=%2Fwp%2Fv2%2Fcomments&post=2768"}],"version-history":[{"count":5,"href":"https:\/\/www.vehiculesanciens-airbuspalays.fr\/index.php?rest_route=\/wp\/v2\/posts\/2768\/revisions"}],"predecessor-version":[{"id":2780,"href":"https:\/\/www.vehiculesanciens-airbuspalays.fr\/index.php?rest_route=\/wp\/v2\/posts\/2768\/revisions\/2780"}],"wp:attachment":[{"href":"https:\/\/www.vehiculesanciens-airbuspalays.fr\/index.php?rest_route=%2Fwp%2Fv2%2Fmedia&parent=2768"}],"wp:term":[{"taxonomy":"category","embeddable":true,"href":"https:\/\/www.vehiculesanciens-airbuspalays.fr\/index.php?rest_route=%2Fwp%2Fv2%2Fcategories&post=2768"},{"taxonomy":"post_tag","embeddable":true,"href":"https:\/\/www.vehiculesanciens-airbuspalays.fr\/index.php?rest_route=%2Fwp%2Fv2%2Ftags&post=2768"}],"curies":[{"name":"wp","href":"https:\/\/api.w.org\/{rel}","templated":true}]}}