{"id":2721,"date":"2021-07-20T10:48:40","date_gmt":"2021-07-20T08:48:40","guid":{"rendered":"https:\/\/www.vehiculesanciens-airbuspalays.fr\/?p=2721"},"modified":"2021-07-24T10:51:13","modified_gmt":"2021-07-24T08:51:13","slug":"matra530-atelier-chassis-2-2","status":"publish","type":"post","link":"https:\/\/www.vehiculesanciens-airbuspalays.fr\/?p=2721","title":{"rendered":"Matra530 &#8211; Atelier ch\u00e2ssis"},"content":{"rendered":"\n<p>Bonjour \u00e0 tous,<\/p>\n\n\n\n<p>Peu de participants en cette p\u00e9riode de vacances&nbsp;: Moi &nbsp;et Patrick&nbsp;!<\/p>\n\n\n\n<p>Mais on a avance comme des dingues&nbsp;:<\/p>\n\n\n\n<p>Vu que l\u2019expert a dit qu\u2019il fallait supprimer le zingage sur les parties devant \u00eatre soud\u00e9es&nbsp;( t\u00e2che ingrate&nbsp;\u2639&nbsp;)<\/p>\n\n\n\n<ol class=\"wp-block-list\" type=\"a\"><li>On a tout d\u00e9mont\u00e9<\/li><li>On a tout ponc\u00e9&nbsp;\/meul\u00e9<\/li><li>On a tout remont\u00e9&nbsp;!<\/li><\/ol>\n\n\n\n<p>Bref , revoila notre plateforme , pr\u00eate \u00e0 \u00eatre ajust\u00e9 au millim\u00e8tre et \u00e0 \u00eatre \u00ab&nbsp;point\u00e9&nbsp;\u00bb au MIG pour pr\u00e9sentation au Ch\u00e2ssis&nbsp;!<\/p>\n\n\n\n<figure class=\"wp-block-image size-large\"><img loading=\"lazy\" decoding=\"async\" width=\"1024\" height=\"597\" src=\"https:\/\/www.vehiculesanciens-airbuspalays.fr\/wp-content\/uploads\/2021\/07\/chassis-07-2021.png\" alt=\"\" class=\"wp-image-2723\" srcset=\"https:\/\/www.vehiculesanciens-airbuspalays.fr\/wp-content\/uploads\/2021\/07\/chassis-07-2021.png 1024w, https:\/\/www.vehiculesanciens-airbuspalays.fr\/wp-content\/uploads\/2021\/07\/chassis-07-2021-300x175.png 300w, https:\/\/www.vehiculesanciens-airbuspalays.fr\/wp-content\/uploads\/2021\/07\/chassis-07-2021-768x448.png 768w\" sizes=\"auto, (max-width: 1024px) 100vw, 1024px\" \/><\/figure>\n\n\n\n<p><strong><u>G\u00e9rard CASSETTE<\/u><\/strong><\/p>\n","protected":false},"excerpt":{"rendered":"<p>Bonjour \u00e0 tous, Peu de participants en cette p\u00e9riode de vacances&nbsp;: Moi &nbsp;et Patrick&nbsp;! Mais on a avance comme des dingues&nbsp;: Vu que l\u2019expert a dit qu\u2019il fallait supprimer le zingage sur les parties devant \u00eatre soud\u00e9es&nbsp;( t\u00e2che ingrate&nbsp;\u2639&nbsp;) On <a class=\"more-link\" href=\"https:\/\/www.vehiculesanciens-airbuspalays.fr\/?p=2721\">Continuer la lecture <span class=\"screen-reader-text\">  Matra530 &#8211; Atelier ch\u00e2ssis<\/span><span class=\"meta-nav\">&rarr;<\/span><\/a><\/p>\n","protected":false},"author":1,"featured_media":0,"comment_status":"open","ping_status":"open","sticky":false,"template":"","format":"standard","meta":{"footnotes":""},"categories":[44,8],"tags":[57],"class_list":["post-2721","post","type-post","status-publish","format-standard","hentry","category-projets-collectifs","category-renovation-collective-dune-matra","tag-matra-530"],"publishpress_future_action":{"enabled":false,"date":"2026-05-07 23:25:03","action":"change-status","newStatus":"draft","terms":[],"taxonomy":"category","extraData":[]},"publishpress_future_workflow_manual_trigger":{"enabledWorkflows":[]},"_links":{"self":[{"href":"https:\/\/www.vehiculesanciens-airbuspalays.fr\/index.php?rest_route=\/wp\/v2\/posts\/2721","targetHints":{"allow":["GET"]}}],"collection":[{"href":"https:\/\/www.vehiculesanciens-airbuspalays.fr\/index.php?rest_route=\/wp\/v2\/posts"}],"about":[{"href":"https:\/\/www.vehiculesanciens-airbuspalays.fr\/index.php?rest_route=\/wp\/v2\/types\/post"}],"author":[{"embeddable":true,"href":"https:\/\/www.vehiculesanciens-airbuspalays.fr\/index.php?rest_route=\/wp\/v2\/users\/1"}],"replies":[{"embeddable":true,"href":"https:\/\/www.vehiculesanciens-airbuspalays.fr\/index.php?rest_route=%2Fwp%2Fv2%2Fcomments&post=2721"}],"version-history":[{"count":1,"href":"https:\/\/www.vehiculesanciens-airbuspalays.fr\/index.php?rest_route=\/wp\/v2\/posts\/2721\/revisions"}],"predecessor-version":[{"id":2724,"href":"https:\/\/www.vehiculesanciens-airbuspalays.fr\/index.php?rest_route=\/wp\/v2\/posts\/2721\/revisions\/2724"}],"wp:attachment":[{"href":"https:\/\/www.vehiculesanciens-airbuspalays.fr\/index.php?rest_route=%2Fwp%2Fv2%2Fmedia&parent=2721"}],"wp:term":[{"taxonomy":"category","embeddable":true,"href":"https:\/\/www.vehiculesanciens-airbuspalays.fr\/index.php?rest_route=%2Fwp%2Fv2%2Fcategories&post=2721"},{"taxonomy":"post_tag","embeddable":true,"href":"https:\/\/www.vehiculesanciens-airbuspalays.fr\/index.php?rest_route=%2Fwp%2Fv2%2Ftags&post=2721"}],"curies":[{"name":"wp","href":"https:\/\/api.w.org\/{rel}","templated":true}]}}