{"id":2716,"date":"2021-07-10T13:39:31","date_gmt":"2021-07-10T11:39:31","guid":{"rendered":"https:\/\/www.vehiculesanciens-airbuspalays.fr\/?p=2716"},"modified":"2021-07-24T10:51:08","modified_gmt":"2021-07-24T08:51:08","slug":"matra530-atelier-chassis-2","status":"publish","type":"post","link":"https:\/\/www.vehiculesanciens-airbuspalays.fr\/?p=2716","title":{"rendered":"Matra530 &#8211; Atelier ch\u00e2ssis &#8211; Visite de l&#8217;expert"},"content":{"rendered":"\n<p>Bonjour \u00e0 tous,<\/p>\n\n\n\n<p><strong><u>Introduction :<\/u><\/strong><\/p>\n\n\n\n<p>Notre expert est pass\u00e9 samedi 10 Juillet accompagn\u00e9 d\u2019un carrossier expert en Ch\u00e2ssis (Patrice).<\/p>\n\n\n\n<p>Le but de la visite \u00e9tait&nbsp;:<\/p>\n\n\n\n<ol class=\"wp-block-list\" type=\"a\"><li>Inspecter le montage \u00e0 blanc de la plateforme bas ch\u00e2ssis.<\/li><li>Inspecter le Ch\u00e2ssis apr\u00e8s la d\u00e9pose des deux longerons<\/li><li>Valider la m\u00e9thode propos\u00e9e pour le remontage de la plateforme \u00ab&nbsp;Bas Ch\u00e2ssis&nbsp;\u00bb<\/li><\/ol>\n\n\n\n<p>Tous les d\u00e9tails dans le compte-rendu PDF<\/p>\n\n\n\n<p><strong><u>G\u00e9rard CASSETTE<\/u><\/strong><\/p>\n\n\n\n<figure class=\"wp-block-image\"><a href=\"https:\/\/www.vehiculesanciens-airbuspalays.fr\/wp-content\/uploads\/2021\/07\/CR_Visite_Expert_Chassis_Juillet_2021.pdf\"><img loading=\"lazy\" decoding=\"async\" width=\"60\" height=\"59\" src=\"https:\/\/www.vehiculesanciens-airbuspalays.fr\/wp-content\/uploads\/2018\/02\/pdf-icon.png\" alt=\"\" class=\"wp-image-607\"\/><\/a><\/figure>\n","protected":false},"excerpt":{"rendered":"<p>Bonjour \u00e0 tous, Introduction : Notre expert est pass\u00e9 samedi 10 Juillet accompagn\u00e9 d\u2019un carrossier expert en Ch\u00e2ssis (Patrice). Le but de la visite \u00e9tait&nbsp;: Inspecter le montage \u00e0 blanc de la plateforme bas ch\u00e2ssis. Inspecter le Ch\u00e2ssis apr\u00e8s la <a class=\"more-link\" href=\"https:\/\/www.vehiculesanciens-airbuspalays.fr\/?p=2716\">Continuer la lecture <span class=\"screen-reader-text\">  Matra530 &#8211; Atelier ch\u00e2ssis &#8211; Visite de l&#8217;expert<\/span><span class=\"meta-nav\">&rarr;<\/span><\/a><\/p>\n","protected":false},"author":1,"featured_media":0,"comment_status":"open","ping_status":"open","sticky":false,"template":"","format":"standard","meta":{"footnotes":""},"categories":[44,8],"tags":[57],"class_list":["post-2716","post","type-post","status-publish","format-standard","hentry","category-projets-collectifs","category-renovation-collective-dune-matra","tag-matra-530"],"publishpress_future_action":{"enabled":false,"date":"2026-05-07 23:25:05","action":"change-status","newStatus":"draft","terms":[],"taxonomy":"category","extraData":[]},"publishpress_future_workflow_manual_trigger":{"enabledWorkflows":[]},"_links":{"self":[{"href":"https:\/\/www.vehiculesanciens-airbuspalays.fr\/index.php?rest_route=\/wp\/v2\/posts\/2716","targetHints":{"allow":["GET"]}}],"collection":[{"href":"https:\/\/www.vehiculesanciens-airbuspalays.fr\/index.php?rest_route=\/wp\/v2\/posts"}],"about":[{"href":"https:\/\/www.vehiculesanciens-airbuspalays.fr\/index.php?rest_route=\/wp\/v2\/types\/post"}],"author":[{"embeddable":true,"href":"https:\/\/www.vehiculesanciens-airbuspalays.fr\/index.php?rest_route=\/wp\/v2\/users\/1"}],"replies":[{"embeddable":true,"href":"https:\/\/www.vehiculesanciens-airbuspalays.fr\/index.php?rest_route=%2Fwp%2Fv2%2Fcomments&post=2716"}],"version-history":[{"count":2,"href":"https:\/\/www.vehiculesanciens-airbuspalays.fr\/index.php?rest_route=\/wp\/v2\/posts\/2716\/revisions"}],"predecessor-version":[{"id":2718,"href":"https:\/\/www.vehiculesanciens-airbuspalays.fr\/index.php?rest_route=\/wp\/v2\/posts\/2716\/revisions\/2718"}],"wp:attachment":[{"href":"https:\/\/www.vehiculesanciens-airbuspalays.fr\/index.php?rest_route=%2Fwp%2Fv2%2Fmedia&parent=2716"}],"wp:term":[{"taxonomy":"category","embeddable":true,"href":"https:\/\/www.vehiculesanciens-airbuspalays.fr\/index.php?rest_route=%2Fwp%2Fv2%2Fcategories&post=2716"},{"taxonomy":"post_tag","embeddable":true,"href":"https:\/\/www.vehiculesanciens-airbuspalays.fr\/index.php?rest_route=%2Fwp%2Fv2%2Ftags&post=2716"}],"curies":[{"name":"wp","href":"https:\/\/api.w.org\/{rel}","templated":true}]}}