{"id":2712,"date":"2021-07-02T13:37:52","date_gmt":"2021-07-02T11:37:52","guid":{"rendered":"https:\/\/www.vehiculesanciens-airbuspalays.fr\/?p=2712"},"modified":"2021-07-14T13:43:19","modified_gmt":"2021-07-14T11:43:19","slug":"matra530-atelier-chassis","status":"publish","type":"post","link":"https:\/\/www.vehiculesanciens-airbuspalays.fr\/?p=2712","title":{"rendered":"Matra530 &#8211; Atelier chassis"},"content":{"rendered":"\n<p>Bonjour \u00e0 tous,<\/p>\n\n\n\n<p><strong><u>Intro&nbsp;:<\/u><\/strong><\/p>\n\n\n\n<p>Suite&nbsp; aux&nbsp; diff\u00e9rents confinements et arr\u00eats d\u2019activit\u00e9s \u00e0 notre atelier de Ramonville, vous avez peut-\u00eatre perdu le fil de cette r\u00e9novation\u2026.<\/p>\n\n\n\n<p>Les ateliers ont repris le Mardi et le Samedi (vous pouvez sans probl\u00e8me venir nous rejoindre m\u00eame si vous \u00eates \u00ab&nbsp;d\u00e9butant&nbsp;\u00bb ) ,<\/p>\n\n\n\n<p>Je vous fais un point complet de la r\u00e9novation Ch\u00e2ssis depuis le dernier passage de notre expert (le 26\/9\/2020) et les diff\u00e9rentes orientations que nous envisageons.<\/p>\n\n\n\n<p>Tous les d\u00e9tails dans le compte-rendu PDF<\/p>\n\n\n\n<p><strong><u>G\u00e9rard CASSETTE<\/u><\/strong><\/p>\n\n\n\n<figure class=\"wp-block-image\"><a href=\"https:\/\/www.vehiculesanciens-airbuspalays.fr\/wp-content\/uploads\/2021\/07\/Rapport_Etat_Chassis_Juillet_2021.pdf\"><img loading=\"lazy\" decoding=\"async\" width=\"60\" height=\"59\" src=\"https:\/\/www.vehiculesanciens-airbuspalays.fr\/wp-content\/uploads\/2018\/02\/pdf-icon.png\" alt=\"\" class=\"wp-image-607\"\/><\/a><\/figure>\n","protected":false},"excerpt":{"rendered":"<p>Bonjour \u00e0 tous, Intro&nbsp;: Suite&nbsp; aux&nbsp; diff\u00e9rents confinements et arr\u00eats d\u2019activit\u00e9s \u00e0 notre atelier de Ramonville, vous avez peut-\u00eatre perdu le fil de cette r\u00e9novation\u2026. Les ateliers ont repris le Mardi et le Samedi (vous pouvez sans probl\u00e8me venir nous <a class=\"more-link\" href=\"https:\/\/www.vehiculesanciens-airbuspalays.fr\/?p=2712\">Continuer la lecture <span class=\"screen-reader-text\">  Matra530 &#8211; Atelier chassis<\/span><span class=\"meta-nav\">&rarr;<\/span><\/a><\/p>\n","protected":false},"author":1,"featured_media":0,"comment_status":"open","ping_status":"open","sticky":false,"template":"","format":"standard","meta":{"footnotes":""},"categories":[44,8],"tags":[57],"class_list":["post-2712","post","type-post","status-publish","format-standard","hentry","category-projets-collectifs","category-renovation-collective-dune-matra","tag-matra-530"],"publishpress_future_action":{"enabled":false,"date":"2026-05-07 23:25:04","action":"change-status","newStatus":"draft","terms":[],"taxonomy":"category","extraData":[]},"publishpress_future_workflow_manual_trigger":{"enabledWorkflows":[]},"_links":{"self":[{"href":"https:\/\/www.vehiculesanciens-airbuspalays.fr\/index.php?rest_route=\/wp\/v2\/posts\/2712","targetHints":{"allow":["GET"]}}],"collection":[{"href":"https:\/\/www.vehiculesanciens-airbuspalays.fr\/index.php?rest_route=\/wp\/v2\/posts"}],"about":[{"href":"https:\/\/www.vehiculesanciens-airbuspalays.fr\/index.php?rest_route=\/wp\/v2\/types\/post"}],"author":[{"embeddable":true,"href":"https:\/\/www.vehiculesanciens-airbuspalays.fr\/index.php?rest_route=\/wp\/v2\/users\/1"}],"replies":[{"embeddable":true,"href":"https:\/\/www.vehiculesanciens-airbuspalays.fr\/index.php?rest_route=%2Fwp%2Fv2%2Fcomments&post=2712"}],"version-history":[{"count":2,"href":"https:\/\/www.vehiculesanciens-airbuspalays.fr\/index.php?rest_route=\/wp\/v2\/posts\/2712\/revisions"}],"predecessor-version":[{"id":2719,"href":"https:\/\/www.vehiculesanciens-airbuspalays.fr\/index.php?rest_route=\/wp\/v2\/posts\/2712\/revisions\/2719"}],"wp:attachment":[{"href":"https:\/\/www.vehiculesanciens-airbuspalays.fr\/index.php?rest_route=%2Fwp%2Fv2%2Fmedia&parent=2712"}],"wp:term":[{"taxonomy":"category","embeddable":true,"href":"https:\/\/www.vehiculesanciens-airbuspalays.fr\/index.php?rest_route=%2Fwp%2Fv2%2Fcategories&post=2712"},{"taxonomy":"post_tag","embeddable":true,"href":"https:\/\/www.vehiculesanciens-airbuspalays.fr\/index.php?rest_route=%2Fwp%2Fv2%2Ftags&post=2712"}],"curies":[{"name":"wp","href":"https:\/\/api.w.org\/{rel}","templated":true}]}}