{"id":2544,"date":"2020-10-06T14:26:23","date_gmt":"2020-10-06T12:26:23","guid":{"rendered":"https:\/\/www.vehiculesanciens-airbuspalays.fr\/?p=2544"},"modified":"2020-12-12T11:31:16","modified_gmt":"2020-12-12T10:31:16","slug":"6-octobre-2020-matra530-atelier-chassis","status":"publish","type":"post","link":"https:\/\/www.vehiculesanciens-airbuspalays.fr\/?p=2544","title":{"rendered":"Matra530 &#8211; Atelier chassis"},"content":{"rendered":"\n<p>Bonjour \u00e0 tous,<\/p>\n\n\n\n<p><strong><u>Intro&nbsp;:<\/u><\/strong><\/p>\n\n\n\n<p>Nous \u00e9tions seulement deux&nbsp;\u00e0 cet atelier : Moi et Patrick&nbsp;! mais comme on est des \u00ab&nbsp;fou de la disqueuse et du Burin pneumatique&nbsp;\u00bb&nbsp;: on a bien avanc\u00e9.&nbsp;!<\/p>\n\n\n\n<p><strong><u>Remplacement Longerons<\/u><\/strong><\/p>\n\n\n\n<p>Tres bonne avanc\u00e9e dans le remplacement du premier longeron, l\u2019avant est d\u00e9j\u00e0 compl\u00e8tement enlev\u00e9 et l\u2019arri\u00e8re est bien avanc\u00e9. On finira de l\u2019enlever quand nous aurons les nouveaux longerons.<\/p>\n\n\n\n<p><strong><u>Mise en Place des Planchers<\/u><\/strong><\/p>\n\n\n\n<p>Afin de s\u2019assurer des pi\u00e8ces achet\u00e9es, on a fait un remontage \u00e0 blanc des nouveaux planchers et on a positionner aussi le nouveau caisson central. Tout rentre \u00e0 merveille&nbsp;!<\/p>\n\n\n\n<figure class=\"wp-block-image\"><img decoding=\"async\" src=\"https:\/\/apis.mail.yahoo.com\/ws\/v3\/mailboxes\/@.id==VjN-g0xGsEOrc-_ZCTGJl2RKJOA2nCCU0d4_3NAo0dQ96QIdqltt9X1XTX1GZgS_yCffaNa8mUU7YzpwwJ-afBv84Q\/messages\/@.id==APzh9aEh8AmXX4Su2wGCuK4q2SY\/content\/parts\/@.id==1.2\/thumbnail?appId=YMailNorrin&amp;downloadWhenThumbnailFails=true&amp;pid=1.2\" alt=\"\"\/><\/figure>\n\n\n\n<p><strong>Plus de d\u00e9tail dans le Compte-rendu ci-joint.<\/strong><\/p>\n\n\n\n<p>A Bient\u00f4t<\/p>\n\n\n\n<p>G\u00e9rard&nbsp; Cassette<\/p>\n\n\n\n<figure class=\"wp-block-image\"><a href=\"https:\/\/www.vehiculesanciens-airbuspalays.fr\/wp-content\/uploads\/2020\/10\/Cr_Atelier__Mardi__06_Octobre_Longeron.pdf\"><img loading=\"lazy\" decoding=\"async\" width=\"60\" height=\"59\" src=\"https:\/\/www.vehiculesanciens-airbuspalays.fr\/wp-content\/uploads\/2018\/02\/pdf-icon.png\" alt=\"\" class=\"wp-image-607\"\/><\/a><\/figure>\n","protected":false},"excerpt":{"rendered":"<p>Bonjour \u00e0 tous, Intro&nbsp;: Nous \u00e9tions seulement deux&nbsp;\u00e0 cet atelier : Moi et Patrick&nbsp;! mais comme on est des \u00ab&nbsp;fou de la disqueuse et du Burin pneumatique&nbsp;\u00bb&nbsp;: on a bien avanc\u00e9.&nbsp;! Remplacement Longerons Tres bonne avanc\u00e9e dans le remplacement du <a class=\"more-link\" href=\"https:\/\/www.vehiculesanciens-airbuspalays.fr\/?p=2544\">Continuer la lecture <span class=\"screen-reader-text\">  Matra530 &#8211; Atelier chassis<\/span><span class=\"meta-nav\">&rarr;<\/span><\/a><\/p>\n","protected":false},"author":1,"featured_media":0,"comment_status":"open","ping_status":"open","sticky":false,"template":"","format":"standard","meta":{"footnotes":""},"categories":[44,8],"tags":[57],"class_list":["post-2544","post","type-post","status-publish","format-standard","hentry","category-projets-collectifs","category-renovation-collective-dune-matra","tag-matra-530"],"publishpress_future_action":{"enabled":false,"date":"2026-05-07 23:25:07","action":"change-status","newStatus":"draft","terms":[],"taxonomy":"category","extraData":[]},"publishpress_future_workflow_manual_trigger":{"enabledWorkflows":[]},"_links":{"self":[{"href":"https:\/\/www.vehiculesanciens-airbuspalays.fr\/index.php?rest_route=\/wp\/v2\/posts\/2544","targetHints":{"allow":["GET"]}}],"collection":[{"href":"https:\/\/www.vehiculesanciens-airbuspalays.fr\/index.php?rest_route=\/wp\/v2\/posts"}],"about":[{"href":"https:\/\/www.vehiculesanciens-airbuspalays.fr\/index.php?rest_route=\/wp\/v2\/types\/post"}],"author":[{"embeddable":true,"href":"https:\/\/www.vehiculesanciens-airbuspalays.fr\/index.php?rest_route=\/wp\/v2\/users\/1"}],"replies":[{"embeddable":true,"href":"https:\/\/www.vehiculesanciens-airbuspalays.fr\/index.php?rest_route=%2Fwp%2Fv2%2Fcomments&post=2544"}],"version-history":[{"count":3,"href":"https:\/\/www.vehiculesanciens-airbuspalays.fr\/index.php?rest_route=\/wp\/v2\/posts\/2544\/revisions"}],"predecessor-version":[{"id":2567,"href":"https:\/\/www.vehiculesanciens-airbuspalays.fr\/index.php?rest_route=\/wp\/v2\/posts\/2544\/revisions\/2567"}],"wp:attachment":[{"href":"https:\/\/www.vehiculesanciens-airbuspalays.fr\/index.php?rest_route=%2Fwp%2Fv2%2Fmedia&parent=2544"}],"wp:term":[{"taxonomy":"category","embeddable":true,"href":"https:\/\/www.vehiculesanciens-airbuspalays.fr\/index.php?rest_route=%2Fwp%2Fv2%2Fcategories&post=2544"},{"taxonomy":"post_tag","embeddable":true,"href":"https:\/\/www.vehiculesanciens-airbuspalays.fr\/index.php?rest_route=%2Fwp%2Fv2%2Ftags&post=2544"}],"curies":[{"name":"wp","href":"https:\/\/api.w.org\/{rel}","templated":true}]}}