{"id":2539,"date":"2020-09-29T14:12:31","date_gmt":"2020-09-29T12:12:31","guid":{"rendered":"https:\/\/www.vehiculesanciens-airbuspalays.fr\/?p=2539"},"modified":"2020-12-12T11:31:22","modified_gmt":"2020-12-12T10:31:22","slug":"29septembre-2020-matra530-avancees","status":"publish","type":"post","link":"https:\/\/www.vehiculesanciens-airbuspalays.fr\/?p=2539","title":{"rendered":"Matra530 &#8211; Atelier chassis"},"content":{"rendered":"\n<p>Bonjour \u00e0 tous,<\/p>\n\n\n\n<p><strong><u>Intro&nbsp;:<\/u><\/strong><\/p>\n\n\n\n<p>Gros atelier Chassis ce mardi 29\u00a0!<\/p>\n\n\n\n<p>Samedi 26, l\u2019expert qui suit notre restauration a pass\u00e9 en revue les diff\u00e9rents \u00e9l\u00e9ments de notre voiture donc le ch\u00e2ssis et a rendu son avis. Globalement, celui-ci est positif avec quelques recommandations.<\/p>\n\n\n\n<p>Nous avons donc commenc\u00e9 le changement du longeron, tandis qu\u2019une partie de l\u2019\u00e9quipe se concentrait sur le moteur qui revenait de l\u2019exposition \u00ab&nbsp;Auto retro&nbsp;\u00bb de Toulouse, pour le remettre en \u00e9tat de fonctionnement et poursuivre ses r\u00e9glages&nbsp;; celui-ci, ensuite sera stock\u00e9.<\/p>\n\n\n\n<p><strong><u>Passage Expert<\/u><\/strong><\/p>\n\n\n\n<p>L\u2019expert (accompagn\u00e9 d\u2019un carrossier) est tr\u00e8s satisfait de l\u2019\u00e9tat du ch\u00e2ssis. Ils ont valid\u00e9 le trac\u00e9 avec le laser, le bridage et a pass\u00e9 en revue les pi\u00e8ces de remplacements achet\u00e9es.<\/p>\n\n\n\n<p>Ils ont valid\u00e9 le process de changement de longeron en ajoutant quelques recommandations de bridage.<\/p>\n\n\n\n<p>Et une recommandation de changer les 2 longerons.<\/p>\n\n\n\n<p><strong><u>Ch\u00e2ssis<\/u><\/strong><\/p>\n\n\n\n<p>Tous le bridage suppl\u00e9mentaire recommand\u00e9 par l\u2019expert et le carrossier a \u00e9t\u00e9 mis en place.<\/p>\n\n\n\n<p>Le d\u00e9montage du longeron gauche a commenc\u00e9.<\/p>\n\n\n\n<figure class=\"wp-block-image\"><img decoding=\"async\" src=\"https:\/\/apis.mail.yahoo.com\/ws\/v3\/mailboxes\/@.id==VjN-g0xGsEOrc-_ZCTGJl2RKJOA2nCCU0d4_3NAo0dQ96QIdqltt9X1XTX1GZgS_yCffaNa8mUU7YzpwwJ-afBv84Q\/messages\/@.id==AMjXmt4YzxXdX3RVxgLeYIHFkyg\/content\/parts\/@.id==1.2\/thumbnail?appId=YMailNorrin&amp;downloadWhenThumbnailFails=true&amp;pid=1.2\" alt=\"\"\/><\/figure>\n\n\n\n<p><a><strong><u>Moteur<\/u><\/strong><\/a><\/p>\n\n\n\n<p>Nous avions un doute sur la qualit\u00e9 du radiateur qui a \u00e9t\u00e9 mis \u00e0 notre disposition par Alain&nbsp;; R\u00e9mi et Nicolas se sont donc attach\u00e9 \u00e0 un nettoyage complet du radiateur \u00e0 l\u2019aide de lessive St Marc.<\/p>\n\n\n\n<figure class=\"wp-block-image\"><img decoding=\"async\" src=\"https:\/\/apis.mail.yahoo.com\/ws\/v3\/mailboxes\/@.id==VjN-g0xGsEOrc-_ZCTGJl2RKJOA2nCCU0d4_3NAo0dQ96QIdqltt9X1XTX1GZgS_yCffaNa8mUU7YzpwwJ-afBv84Q\/messages\/@.id==AMjXmt4YzxXdX3RVxgLeYIHFkyg\/content\/parts\/@.id==1.3\/thumbnail?appId=YMailNorrin&amp;downloadWhenThumbnailFails=true&amp;pid=1.3\" alt=\"\"\/><\/figure>\n\n\n\n<p><strong>Plus de d\u00e9tail dans le Compte-rendu ci-joint.<\/strong><\/p>\n\n\n\n<p>A Bient\u00f4t<\/p>\n\n\n\n<p>G\u00e9rard&nbsp; Cassette<\/p>\n\n\n\n<figure class=\"wp-block-image\"><a href=\"https:\/\/www.vehiculesanciens-airbuspalays.fr\/wp-content\/uploads\/2020\/10\/Cr_Atelier__Mardi__29_Septembret_Longeron.pdf\"><img loading=\"lazy\" decoding=\"async\" width=\"60\" height=\"59\" src=\"https:\/\/www.vehiculesanciens-airbuspalays.fr\/wp-content\/uploads\/2018\/02\/pdf-icon.png\" alt=\"\" class=\"wp-image-607\"\/><\/a><\/figure>\n","protected":false},"excerpt":{"rendered":"<p>Bonjour \u00e0 tous, Intro&nbsp;: Gros atelier Chassis ce mardi 29\u00a0! Samedi 26, l\u2019expert qui suit notre restauration a pass\u00e9 en revue les diff\u00e9rents \u00e9l\u00e9ments de notre voiture donc le ch\u00e2ssis et a rendu son avis. Globalement, celui-ci est positif avec <a class=\"more-link\" href=\"https:\/\/www.vehiculesanciens-airbuspalays.fr\/?p=2539\">Continuer la lecture <span class=\"screen-reader-text\">  Matra530 &#8211; Atelier chassis<\/span><span class=\"meta-nav\">&rarr;<\/span><\/a><\/p>\n","protected":false},"author":1,"featured_media":0,"comment_status":"open","ping_status":"open","sticky":false,"template":"","format":"standard","meta":{"footnotes":""},"categories":[44,8],"tags":[57],"class_list":["post-2539","post","type-post","status-publish","format-standard","hentry","category-projets-collectifs","category-renovation-collective-dune-matra","tag-matra-530"],"publishpress_future_action":{"enabled":false,"date":"2026-05-07 23:25:05","action":"change-status","newStatus":"draft","terms":[],"taxonomy":"category","extraData":[]},"publishpress_future_workflow_manual_trigger":{"enabledWorkflows":[]},"_links":{"self":[{"href":"https:\/\/www.vehiculesanciens-airbuspalays.fr\/index.php?rest_route=\/wp\/v2\/posts\/2539","targetHints":{"allow":["GET"]}}],"collection":[{"href":"https:\/\/www.vehiculesanciens-airbuspalays.fr\/index.php?rest_route=\/wp\/v2\/posts"}],"about":[{"href":"https:\/\/www.vehiculesanciens-airbuspalays.fr\/index.php?rest_route=\/wp\/v2\/types\/post"}],"author":[{"embeddable":true,"href":"https:\/\/www.vehiculesanciens-airbuspalays.fr\/index.php?rest_route=\/wp\/v2\/users\/1"}],"replies":[{"embeddable":true,"href":"https:\/\/www.vehiculesanciens-airbuspalays.fr\/index.php?rest_route=%2Fwp%2Fv2%2Fcomments&post=2539"}],"version-history":[{"count":4,"href":"https:\/\/www.vehiculesanciens-airbuspalays.fr\/index.php?rest_route=\/wp\/v2\/posts\/2539\/revisions"}],"predecessor-version":[{"id":2568,"href":"https:\/\/www.vehiculesanciens-airbuspalays.fr\/index.php?rest_route=\/wp\/v2\/posts\/2539\/revisions\/2568"}],"wp:attachment":[{"href":"https:\/\/www.vehiculesanciens-airbuspalays.fr\/index.php?rest_route=%2Fwp%2Fv2%2Fmedia&parent=2539"}],"wp:term":[{"taxonomy":"category","embeddable":true,"href":"https:\/\/www.vehiculesanciens-airbuspalays.fr\/index.php?rest_route=%2Fwp%2Fv2%2Fcategories&post=2539"},{"taxonomy":"post_tag","embeddable":true,"href":"https:\/\/www.vehiculesanciens-airbuspalays.fr\/index.php?rest_route=%2Fwp%2Fv2%2Ftags&post=2539"}],"curies":[{"name":"wp","href":"https:\/\/api.w.org\/{rel}","templated":true}]}}