{"id":2525,"date":"2020-09-01T13:56:07","date_gmt":"2020-09-01T11:56:07","guid":{"rendered":"https:\/\/www.vehiculesanciens-airbuspalays.fr\/?p=2525"},"modified":"2020-12-12T11:31:31","modified_gmt":"2020-12-12T10:31:31","slug":"septembre-2020-matra530-avancees","status":"publish","type":"post","link":"https:\/\/www.vehiculesanciens-airbuspalays.fr\/?p=2525","title":{"rendered":"Matra530 &#8211; Avanc\u00e9es"},"content":{"rendered":"\n<p><strong><u>Edito&nbsp;:<\/u><\/strong><\/p>\n\n\n\n<p>Beaucoup d\u2019\u00e9v\u00e9nements se sont enchain\u00e9s depuis le dernier compte-rendu de Juillet et je n\u2019ai pas eu la disponibilit\u00e9 suffisante pour faire les comptes-rendus.<\/p>\n\n\n\n<p>(A noter aussi que l\u2019atelier Ch\u00e2ssis a \u00e9t\u00e9 arr\u00eat\u00e9 durant le mois d\u2019Aout)<\/p>\n\n\n\n<p>Notez les \u00e9v\u00e9nements majeurs depuis le dernier compte-rendu du 7 juillet&nbsp;:<\/p>\n\n\n\n<ol class=\"wp-block-list\" type=\"a\"><li><strong><u>Pr\u00e9sentation du moteur au Salon Auto Moto Classic de Toulouse<\/u><\/strong>.<\/li><\/ol>\n\n\n\n<p>Pour cela, le moteur a \u00e9t\u00e9 enlev\u00e9 du banc, le banc a \u00e9t\u00e9 compl\u00e8tement repeint au couleur de la Matra 530 (un beau jaune) et le moteur a \u00e9t\u00e9 remont\u00e9 sans certains accessoires (batterie, tableau de contr\u00f4le&nbsp;,..) afin de le rendre plus \u00ab&nbsp;visible&nbsp;\u00bb. Les nouveaux pots ont \u00e9t\u00e9 mont\u00e9s.<\/p>\n\n\n\n<p>Le radiateur et les pots ont \u00e9t\u00e9 repeints.<\/p>\n\n\n\n<p>Notre Moteur Pr\u00eat Pour le d\u00e9part au Salon.<\/p>\n\n\n\n<figure class=\"wp-block-image size-large\"><img loading=\"lazy\" decoding=\"async\" width=\"340\" height=\"204\" src=\"https:\/\/www.vehiculesanciens-airbuspalays.fr\/wp-content\/uploads\/2020\/09\/atelier-sept-2020-1.png\" alt=\"\" class=\"wp-image-2527\" srcset=\"https:\/\/www.vehiculesanciens-airbuspalays.fr\/wp-content\/uploads\/2020\/09\/atelier-sept-2020-1.png 340w, https:\/\/www.vehiculesanciens-airbuspalays.fr\/wp-content\/uploads\/2020\/09\/atelier-sept-2020-1-300x180.png 300w\" sizes=\"auto, (max-width: 340px) 100vw, 340px\" \/><\/figure>\n\n\n\n<figure class=\"wp-block-image size-large\"><img loading=\"lazy\" decoding=\"async\" width=\"475\" height=\"196\" src=\"https:\/\/www.vehiculesanciens-airbuspalays.fr\/wp-content\/uploads\/2020\/09\/atelier-sept-2020-2.png\" alt=\"\" class=\"wp-image-2529\" srcset=\"https:\/\/www.vehiculesanciens-airbuspalays.fr\/wp-content\/uploads\/2020\/09\/atelier-sept-2020-2.png 475w, https:\/\/www.vehiculesanciens-airbuspalays.fr\/wp-content\/uploads\/2020\/09\/atelier-sept-2020-2-300x124.png 300w\" sizes=\"auto, (max-width: 475px) 100vw, 475px\" \/><\/figure>\n\n\n\n<p>Notre Moteur Dans le stand de l\u2019Amicale 530 \/Club Djet.<\/p>\n\n\n\n<figure class=\"wp-block-image size-large\"><img loading=\"lazy\" decoding=\"async\" width=\"980\" height=\"479\" src=\"https:\/\/www.vehiculesanciens-airbuspalays.fr\/wp-content\/uploads\/2020\/09\/atelier-sept-2020-3.png\" alt=\"\" class=\"wp-image-2531\" srcset=\"https:\/\/www.vehiculesanciens-airbuspalays.fr\/wp-content\/uploads\/2020\/09\/atelier-sept-2020-3.png 980w, https:\/\/www.vehiculesanciens-airbuspalays.fr\/wp-content\/uploads\/2020\/09\/atelier-sept-2020-3-300x147.png 300w, https:\/\/www.vehiculesanciens-airbuspalays.fr\/wp-content\/uploads\/2020\/09\/atelier-sept-2020-3-768x375.png 768w\" sizes=\"auto, (max-width: 980px) 100vw, 980px\" \/><\/figure>\n\n\n\n<ol class=\"wp-block-list\" type=\"a\" start=\"2\"><li><strong><u>L\u2019extension de l\u2019atelier sur le deuxi\u00e8me Box .<\/u><\/strong><\/li><\/ol>\n\n\n\n<p>L\u2019extension de l\u2019atelier sur le deuxi\u00e8me Box a \u00e9t\u00e9 faite.<\/p>\n\n\n\n<p>Il a fallu pr\u00e9parer le contrat, faire toutes les formalit\u00e9s, puis la r\u00e9organisation de l\u2019atelier en deux boxs.<\/p>\n\n\n\n<p>Nous avons maintenu une surface beaucoup plus grande.<\/p>\n\n\n\n<p>Ce qui m\u2019a pris, quand m\u00eame, pas mal de temps.<\/p>\n\n\n\n<p>Je trace donc, dans ce compte-rendu, le travail fait sur plusieurs Mardis et Samedis de fin juillet et du mois de septembre.<\/p>\n\n\n\n<p><strong><u>Atelier Ch\u00e2ssis<\/u><\/strong><\/p>\n\n\n\n<p>Je vous avais laiss\u00e9 au moment o\u00f9 nous avions enlev\u00e9 le caisson central et v\u00e9rifi\u00e9 la plan\u00e9it\u00e9 du ch\u00e2ssis avec un laser.<\/p>\n\n\n\n<p>Depuis, nous avons effectu\u00e9&nbsp;:<\/p>\n\n\n\n<ul class=\"wp-block-list\"><li>\u00ab&nbsp;Nettoyage&nbsp;\u00bb de l\u2019int\u00e9rieur habitacle<\/li><li>Remise \u00e0 niveau de la plaque Centrale.<\/li><li>Redressage croissillon habitacle<\/li><li>R\u00e9alisation d\u2019un marbre haut pour le bridage par le haut du ch\u00e2ssis<\/li><li>Mise en place du process de patch<\/li><li>D\u00e9marrage du caisson Central<\/li><\/ul>\n\n\n\n<figure class=\"wp-block-image size-large\"><img loading=\"lazy\" decoding=\"async\" width=\"847\" height=\"552\" src=\"https:\/\/www.vehiculesanciens-airbuspalays.fr\/wp-content\/uploads\/2020\/09\/atelier-sept-2020-4.png\" alt=\"\" class=\"wp-image-2533\" srcset=\"https:\/\/www.vehiculesanciens-airbuspalays.fr\/wp-content\/uploads\/2020\/09\/atelier-sept-2020-4.png 847w, https:\/\/www.vehiculesanciens-airbuspalays.fr\/wp-content\/uploads\/2020\/09\/atelier-sept-2020-4-300x196.png 300w, https:\/\/www.vehiculesanciens-airbuspalays.fr\/wp-content\/uploads\/2020\/09\/atelier-sept-2020-4-768x501.png 768w\" sizes=\"auto, (max-width: 847px) 100vw, 847px\" \/><\/figure>\n\n\n\n<p><strong><u>Conclusion&nbsp;:<\/u><\/strong><\/p>\n\n\n\n<p>Notre ch\u00e2ssis est maintenant dans un \u00e9tat bien avanc\u00e9&nbsp;:<\/p>\n\n\n\n<p>La plan\u00e9it\u00e9 est bonne, il est compl\u00e9tement brid\u00e9, il reste quelques pr\u00e9parations \u00e0 faire sur la partie plancher avant.<\/p>\n\n\n\n<p>Le process de patch est en place.<\/p>\n\n\n\n<p>Nous allons donc proc\u00e9der au passage de l\u2019expert afin qu\u2019il constate cet \u00e9tat.<\/p>\n\n\n\n<p>Nous allons ensuite nous attaquer au gros des reprise de ch\u00e2ssis avec&nbsp;:<\/p>\n\n\n\n<ol class=\"wp-block-list\" type=\"a\"><li>Redressement de la traverse Centrale (arri\u00e8re)<\/li><li>Changement du longeron Conducteur.<\/li><li>En fonction de la facilit\u00e9 de l\u2019op\u00e9ration, nous d\u00e9ciderons ensuite pour le deuxi\u00e8me longeron.<\/li><li>Refabrication du sous-plancher parte Conducteur<\/li><li>Pose des nouveaux planchers et du caisson central.<\/li><li>Patch sur les parties perfor\u00e9es du ch\u00e2ssis.<\/li><\/ol>\n\n\n\n<figure class=\"wp-block-image size-large\"><img loading=\"lazy\" decoding=\"async\" width=\"691\" height=\"379\" src=\"https:\/\/www.vehiculesanciens-airbuspalays.fr\/wp-content\/uploads\/2020\/09\/atelier-sept-2020-5.png\" alt=\"\" class=\"wp-image-2535\" srcset=\"https:\/\/www.vehiculesanciens-airbuspalays.fr\/wp-content\/uploads\/2020\/09\/atelier-sept-2020-5.png 691w, https:\/\/www.vehiculesanciens-airbuspalays.fr\/wp-content\/uploads\/2020\/09\/atelier-sept-2020-5-300x165.png 300w\" sizes=\"auto, (max-width: 691px) 100vw, 691px\" \/><\/figure>\n\n\n\n<p><strong>Plus de d\u00e9tail dans le Compte-rendu ci-joint.<\/strong><\/p>\n\n\n\n<p>A Bient\u00f4t<\/p>\n\n\n\n<p>G\u00e9rard&nbsp; Cassette<\/p>\n\n\n\n<figure class=\"wp-block-image\"><a href=\"https:\/\/www.vehiculesanciens-airbuspalays.fr\/wp-content\/uploads\/2020\/10\/Cr_Atelier__Mardi__22_Septembret_Chassis.pdf\"><img loading=\"lazy\" decoding=\"async\" width=\"60\" height=\"59\" src=\"https:\/\/www.vehiculesanciens-airbuspalays.fr\/wp-content\/uploads\/2018\/02\/pdf-icon.png\" alt=\"\" class=\"wp-image-607\"\/><\/a><\/figure>\n","protected":false},"excerpt":{"rendered":"<p>Edito&nbsp;: Beaucoup d\u2019\u00e9v\u00e9nements se sont enchain\u00e9s depuis le dernier compte-rendu de Juillet et je n\u2019ai pas eu la disponibilit\u00e9 suffisante pour faire les comptes-rendus. (A noter aussi que l\u2019atelier Ch\u00e2ssis a \u00e9t\u00e9 arr\u00eat\u00e9 durant le mois d\u2019Aout) Notez les \u00e9v\u00e9nements <a class=\"more-link\" href=\"https:\/\/www.vehiculesanciens-airbuspalays.fr\/?p=2525\">Continuer la lecture <span class=\"screen-reader-text\">  Matra530 &#8211; Avanc\u00e9es<\/span><span class=\"meta-nav\">&rarr;<\/span><\/a><\/p>\n","protected":false},"author":1,"featured_media":0,"comment_status":"open","ping_status":"open","sticky":false,"template":"","format":"standard","meta":{"footnotes":""},"categories":[44,8],"tags":[57],"class_list":["post-2525","post","type-post","status-publish","format-standard","hentry","category-projets-collectifs","category-renovation-collective-dune-matra","tag-matra-530"],"publishpress_future_action":{"enabled":false,"date":"2026-05-07 23:25:08","action":"change-status","newStatus":"draft","terms":[],"taxonomy":"category","extraData":[]},"publishpress_future_workflow_manual_trigger":{"enabledWorkflows":[]},"_links":{"self":[{"href":"https:\/\/www.vehiculesanciens-airbuspalays.fr\/index.php?rest_route=\/wp\/v2\/posts\/2525","targetHints":{"allow":["GET"]}}],"collection":[{"href":"https:\/\/www.vehiculesanciens-airbuspalays.fr\/index.php?rest_route=\/wp\/v2\/posts"}],"about":[{"href":"https:\/\/www.vehiculesanciens-airbuspalays.fr\/index.php?rest_route=\/wp\/v2\/types\/post"}],"author":[{"embeddable":true,"href":"https:\/\/www.vehiculesanciens-airbuspalays.fr\/index.php?rest_route=\/wp\/v2\/users\/1"}],"replies":[{"embeddable":true,"href":"https:\/\/www.vehiculesanciens-airbuspalays.fr\/index.php?rest_route=%2Fwp%2Fv2%2Fcomments&post=2525"}],"version-history":[{"count":8,"href":"https:\/\/www.vehiculesanciens-airbuspalays.fr\/index.php?rest_route=\/wp\/v2\/posts\/2525\/revisions"}],"predecessor-version":[{"id":2569,"href":"https:\/\/www.vehiculesanciens-airbuspalays.fr\/index.php?rest_route=\/wp\/v2\/posts\/2525\/revisions\/2569"}],"wp:attachment":[{"href":"https:\/\/www.vehiculesanciens-airbuspalays.fr\/index.php?rest_route=%2Fwp%2Fv2%2Fmedia&parent=2525"}],"wp:term":[{"taxonomy":"category","embeddable":true,"href":"https:\/\/www.vehiculesanciens-airbuspalays.fr\/index.php?rest_route=%2Fwp%2Fv2%2Fcategories&post=2525"},{"taxonomy":"post_tag","embeddable":true,"href":"https:\/\/www.vehiculesanciens-airbuspalays.fr\/index.php?rest_route=%2Fwp%2Fv2%2Ftags&post=2525"}],"curies":[{"name":"wp","href":"https:\/\/api.w.org\/{rel}","templated":true}]}}