{"id":2484,"date":"2020-07-07T19:03:18","date_gmt":"2020-07-07T17:03:18","guid":{"rendered":"https:\/\/www.vehiculesanciens-airbuspalays.fr\/?p=2484"},"modified":"2020-07-15T19:09:31","modified_gmt":"2020-07-15T17:09:31","slug":"07-juillet-2020-matra530-atelier-chassis","status":"publish","type":"post","link":"https:\/\/www.vehiculesanciens-airbuspalays.fr\/?p=2484","title":{"rendered":"07 juillet 2020 &#8211; Matra530 &#8211; Atelier chassis"},"content":{"rendered":"\n<p>Bonjour \u00e0 tous,<\/p>\n\n\n\n<p>Ce compte-rendu rassemble le travail qui a \u00e9t\u00e9 fait sur le ch\u00e2ssis sur les derniers mardi et samedi&nbsp;; je n\u2019ai, h\u00e9las, pas eu le temps de faire \u00e0 chaque fois un compte-rendu.<\/p>\n\n\n\n<p><strong><u>Plan\u00e9it\u00e9 Ch\u00e2ssis&nbsp;:<\/u><\/strong><\/p>\n\n\n\n<p>Le but de la manipulation est double&nbsp;:<\/p>\n\n\n\n<ol class=\"wp-block-list\" type=\"a\"><li>Mesurer la plan\u00e9it\u00e9 de notre marbre.<\/li><li>Mesurer le parall\u00e9lisme Marbre\/ch\u00e2ssis.<\/li><li>Mesurer les d\u00e9form\u00e9es du ch\u00e2ssis.<\/li><\/ol>\n\n\n\n<p>La m\u00e9thode mise en place a \u00e9t\u00e9 d\u2019utiliser un laser 3D emprunt\u00e9 \u00e0 la section Bricolage.<\/p>\n\n\n\n<figure class=\"wp-block-image size-large\"><img loading=\"lazy\" decoding=\"async\" width=\"969\" height=\"649\" src=\"https:\/\/www.vehiculesanciens-airbuspalays.fr\/wp-content\/uploads\/2020\/07\/07juillet2020.png\" alt=\"\" class=\"wp-image-2486\" srcset=\"https:\/\/www.vehiculesanciens-airbuspalays.fr\/wp-content\/uploads\/2020\/07\/07juillet2020.png 969w, https:\/\/www.vehiculesanciens-airbuspalays.fr\/wp-content\/uploads\/2020\/07\/07juillet2020-300x201.png 300w, https:\/\/www.vehiculesanciens-airbuspalays.fr\/wp-content\/uploads\/2020\/07\/07juillet2020-768x514.png 768w\" sizes=\"auto, (max-width: 969px) 100vw, 969px\" \/><\/figure>\n\n\n\n<p><strong><u>Conclusion&nbsp;:<\/u><\/strong><\/p>\n\n\n\n<p>La m\u00e9thode invent\u00e9e avec un laser 3D permet de voir rapidement les d\u00e9formations du ch\u00e2ssis.<\/p>\n\n\n\n<p>Le ch\u00e2ssis est consid\u00e9r\u00e9 comme plan. Il est pr\u00eat \u00e0 etre brid\u00e9 afin de le rendre rigide et de pouvoir commencer la restauration des longerons et planchers.<\/p>\n\n\n\n<p><a><strong>Plus de d\u00e9tail dans le Compte-rendu ci-joint.<\/strong><\/a><\/p>\n\n\n\n<p>A Bient\u00f4t<\/p>\n\n\n\n<p>G\u00e9rard&nbsp; Cassette<\/p>\n\n\n\n<figure class=\"wp-block-image\"><a href=\"https:\/\/www.vehiculesanciens-airbuspalays.fr\/wp-content\/uploads\/2020\/07\/Cr_Atelier__Mardi__07_Juillet_Mesure_Chassis.pdf\"><img loading=\"lazy\" decoding=\"async\" width=\"60\" height=\"59\" src=\"https:\/\/www.vehiculesanciens-airbuspalays.fr\/wp-content\/uploads\/2018\/02\/pdf-icon.png\" alt=\"\" class=\"wp-image-607\"\/><\/a><\/figure>\n","protected":false},"excerpt":{"rendered":"<p>Bonjour \u00e0 tous, Ce compte-rendu rassemble le travail qui a \u00e9t\u00e9 fait sur le ch\u00e2ssis sur les derniers mardi et samedi&nbsp;; je n\u2019ai, h\u00e9las, pas eu le temps de faire \u00e0 chaque fois un compte-rendu. Plan\u00e9it\u00e9 Ch\u00e2ssis&nbsp;: Le but de <a class=\"more-link\" href=\"https:\/\/www.vehiculesanciens-airbuspalays.fr\/?p=2484\">Continuer la lecture <span class=\"screen-reader-text\">  07 juillet 2020 &#8211; Matra530 &#8211; Atelier chassis<\/span><span class=\"meta-nav\">&rarr;<\/span><\/a><\/p>\n","protected":false},"author":1,"featured_media":2486,"comment_status":"open","ping_status":"open","sticky":false,"template":"","format":"standard","meta":{"footnotes":""},"categories":[44,8],"tags":[57],"class_list":["post-2484","post","type-post","status-publish","format-standard","has-post-thumbnail","hentry","category-projets-collectifs","category-renovation-collective-dune-matra","tag-matra-530"],"publishpress_future_action":{"enabled":false,"date":"2026-05-07 23:25:06","action":"change-status","newStatus":"draft","terms":[],"taxonomy":"category","extraData":[]},"publishpress_future_workflow_manual_trigger":{"enabledWorkflows":[]},"_links":{"self":[{"href":"https:\/\/www.vehiculesanciens-airbuspalays.fr\/index.php?rest_route=\/wp\/v2\/posts\/2484","targetHints":{"allow":["GET"]}}],"collection":[{"href":"https:\/\/www.vehiculesanciens-airbuspalays.fr\/index.php?rest_route=\/wp\/v2\/posts"}],"about":[{"href":"https:\/\/www.vehiculesanciens-airbuspalays.fr\/index.php?rest_route=\/wp\/v2\/types\/post"}],"author":[{"embeddable":true,"href":"https:\/\/www.vehiculesanciens-airbuspalays.fr\/index.php?rest_route=\/wp\/v2\/users\/1"}],"replies":[{"embeddable":true,"href":"https:\/\/www.vehiculesanciens-airbuspalays.fr\/index.php?rest_route=%2Fwp%2Fv2%2Fcomments&post=2484"}],"version-history":[{"count":4,"href":"https:\/\/www.vehiculesanciens-airbuspalays.fr\/index.php?rest_route=\/wp\/v2\/posts\/2484\/revisions"}],"predecessor-version":[{"id":2490,"href":"https:\/\/www.vehiculesanciens-airbuspalays.fr\/index.php?rest_route=\/wp\/v2\/posts\/2484\/revisions\/2490"}],"wp:featuredmedia":[{"embeddable":true,"href":"https:\/\/www.vehiculesanciens-airbuspalays.fr\/index.php?rest_route=\/wp\/v2\/media\/2486"}],"wp:attachment":[{"href":"https:\/\/www.vehiculesanciens-airbuspalays.fr\/index.php?rest_route=%2Fwp%2Fv2%2Fmedia&parent=2484"}],"wp:term":[{"taxonomy":"category","embeddable":true,"href":"https:\/\/www.vehiculesanciens-airbuspalays.fr\/index.php?rest_route=%2Fwp%2Fv2%2Fcategories&post=2484"},{"taxonomy":"post_tag","embeddable":true,"href":"https:\/\/www.vehiculesanciens-airbuspalays.fr\/index.php?rest_route=%2Fwp%2Fv2%2Ftags&post=2484"}],"curies":[{"name":"wp","href":"https:\/\/api.w.org\/{rel}","templated":true}]}}