{"id":2472,"date":"2020-06-23T23:46:02","date_gmt":"2020-06-23T21:46:02","guid":{"rendered":"https:\/\/www.vehiculesanciens-airbuspalays.fr\/?p=2472"},"modified":"2020-06-27T10:26:51","modified_gmt":"2020-06-27T08:26:51","slug":"23-juin-2020-matra530-reassemblage-a-blanc","status":"publish","type":"post","link":"https:\/\/www.vehiculesanciens-airbuspalays.fr\/?p=2472","title":{"rendered":"23 juin 2020 &#8211; Matra530 &#8211; R\u00e9assemblage a blanc"},"content":{"rendered":"\n<p>Bonjour \u00e0 tous,<\/p>\n\n\n\n<p>Nous \u00e9tions 6 lors de cet atelier du Mardi (Moi, R\u00e9mi, Blaise, Patrick (B) et Patrick (S), et Ren\u00e9).<\/p>\n\n\n\n<p>Le but de l\u2019atelier \u00e9tait de finaliser le remontage \u00e0 blanc puis d\u2019attaquer la r\u00e9novation du ch\u00e2ssis.<\/p>\n\n\n\n<p><strong><u>R\u00e9assemblage \u00e0 Blanc&nbsp;:<\/u><\/strong><\/p>\n\n\n\n<p>Le remontage c\u00f4t\u00e9 passager\/capot avant\/capot arri\u00e8re a pu \u00eatre fait compl\u00e8tement. Le c\u00f4t\u00e9 conducteur n\u2019a pu \u00eatre fait&nbsp;: il nous manquant l\u2019aile arri\u00e8re et l\u2019aile avant n\u2019a plus sa partie m\u00e9tallique de fixation.<\/p>\n\n\n\n<figure class=\"wp-block-image size-large\"><img loading=\"lazy\" decoding=\"async\" width=\"1024\" height=\"668\" src=\"https:\/\/www.vehiculesanciens-airbuspalays.fr\/wp-content\/uploads\/2020\/06\/23juin2020-1-1024x668.png\" alt=\"\" class=\"wp-image-2474\" srcset=\"https:\/\/www.vehiculesanciens-airbuspalays.fr\/wp-content\/uploads\/2020\/06\/23juin2020-1-1024x668.png 1024w, https:\/\/www.vehiculesanciens-airbuspalays.fr\/wp-content\/uploads\/2020\/06\/23juin2020-1-300x196.png 300w, https:\/\/www.vehiculesanciens-airbuspalays.fr\/wp-content\/uploads\/2020\/06\/23juin2020-1-768x501.png 768w, https:\/\/www.vehiculesanciens-airbuspalays.fr\/wp-content\/uploads\/2020\/06\/23juin2020-1.png 1111w\" sizes=\"auto, (max-width: 1024px) 100vw, 1024px\" \/><\/figure>\n\n\n\n<figure class=\"wp-block-image size-large\"><img loading=\"lazy\" decoding=\"async\" width=\"1024\" height=\"722\" src=\"https:\/\/www.vehiculesanciens-airbuspalays.fr\/wp-content\/uploads\/2020\/06\/23juin2020-2-1024x722.png\" alt=\"\" class=\"wp-image-2475\" srcset=\"https:\/\/www.vehiculesanciens-airbuspalays.fr\/wp-content\/uploads\/2020\/06\/23juin2020-2-1024x722.png 1024w, https:\/\/www.vehiculesanciens-airbuspalays.fr\/wp-content\/uploads\/2020\/06\/23juin2020-2-300x212.png 300w, https:\/\/www.vehiculesanciens-airbuspalays.fr\/wp-content\/uploads\/2020\/06\/23juin2020-2-768x542.png 768w, https:\/\/www.vehiculesanciens-airbuspalays.fr\/wp-content\/uploads\/2020\/06\/23juin2020-2.png 1119w\" sizes=\"auto, (max-width: 1024px) 100vw, 1024px\" \/><\/figure>\n\n\n\n<p><strong><u>Pr\u00e9paration Ch\u00e2ssis&nbsp;:<\/u><\/strong><\/p>\n\n\n\n<p>Nous avons bien avanc\u00e9 sur le ch\u00e2ssis car tout le tunnel central a \u00e9t\u00e9 d\u00e9mont\u00e9.<\/p>\n\n\n\n<figure class=\"wp-block-image size-large\"><img loading=\"lazy\" decoding=\"async\" width=\"582\" height=\"360\" src=\"https:\/\/www.vehiculesanciens-airbuspalays.fr\/wp-content\/uploads\/2020\/06\/image004.png\" alt=\"\" class=\"wp-image-2478\" srcset=\"https:\/\/www.vehiculesanciens-airbuspalays.fr\/wp-content\/uploads\/2020\/06\/image004.png 582w, https:\/\/www.vehiculesanciens-airbuspalays.fr\/wp-content\/uploads\/2020\/06\/image004-300x186.png 300w\" sizes=\"auto, (max-width: 582px) 100vw, 582px\" \/><\/figure>\n\n\n\n<p><strong>Plus de d\u00e9tail dans le Compte-rendu ci-joint.<\/strong><\/p>\n\n\n\n<figure class=\"wp-block-image\"><a href=\"https:\/\/www.vehiculesanciens-airbuspalays.fr\/wp-content\/uploads\/2020\/06\/Cr_Atelier__Mardi__23_Juin_Reassemblage_a_blanc.pdf\"><img loading=\"lazy\" decoding=\"async\" width=\"60\" height=\"59\" src=\"https:\/\/www.vehiculesanciens-airbuspalays.fr\/wp-content\/uploads\/2018\/02\/pdf-icon.png\" alt=\"\" class=\"wp-image-607\"\/><\/a><\/figure>\n\n\n\n<p>A Bient\u00f4t<\/p>\n\n\n\n<p>G\u00e9rard&nbsp; Cassette<\/p>\n","protected":false},"excerpt":{"rendered":"<p>Bonjour \u00e0 tous, Nous \u00e9tions 6 lors de cet atelier du Mardi (Moi, R\u00e9mi, Blaise, Patrick (B) et Patrick (S), et Ren\u00e9). Le but de l\u2019atelier \u00e9tait de finaliser le remontage \u00e0 blanc puis d\u2019attaquer la r\u00e9novation du ch\u00e2ssis. R\u00e9assemblage <a class=\"more-link\" href=\"https:\/\/www.vehiculesanciens-airbuspalays.fr\/?p=2472\">Continuer la lecture <span class=\"screen-reader-text\">  23 juin 2020 &#8211; Matra530 &#8211; R\u00e9assemblage a blanc<\/span><span class=\"meta-nav\">&rarr;<\/span><\/a><\/p>\n","protected":false},"author":1,"featured_media":2475,"comment_status":"open","ping_status":"open","sticky":false,"template":"","format":"standard","meta":{"footnotes":""},"categories":[44,8],"tags":[57],"class_list":["post-2472","post","type-post","status-publish","format-standard","has-post-thumbnail","hentry","category-projets-collectifs","category-renovation-collective-dune-matra","tag-matra-530"],"publishpress_future_action":{"enabled":false,"date":"2026-05-07 23:25:07","action":"change-status","newStatus":"draft","terms":[],"taxonomy":"category","extraData":[]},"publishpress_future_workflow_manual_trigger":{"enabledWorkflows":[]},"_links":{"self":[{"href":"https:\/\/www.vehiculesanciens-airbuspalays.fr\/index.php?rest_route=\/wp\/v2\/posts\/2472","targetHints":{"allow":["GET"]}}],"collection":[{"href":"https:\/\/www.vehiculesanciens-airbuspalays.fr\/index.php?rest_route=\/wp\/v2\/posts"}],"about":[{"href":"https:\/\/www.vehiculesanciens-airbuspalays.fr\/index.php?rest_route=\/wp\/v2\/types\/post"}],"author":[{"embeddable":true,"href":"https:\/\/www.vehiculesanciens-airbuspalays.fr\/index.php?rest_route=\/wp\/v2\/users\/1"}],"replies":[{"embeddable":true,"href":"https:\/\/www.vehiculesanciens-airbuspalays.fr\/index.php?rest_route=%2Fwp%2Fv2%2Fcomments&post=2472"}],"version-history":[{"count":5,"href":"https:\/\/www.vehiculesanciens-airbuspalays.fr\/index.php?rest_route=\/wp\/v2\/posts\/2472\/revisions"}],"predecessor-version":[{"id":2482,"href":"https:\/\/www.vehiculesanciens-airbuspalays.fr\/index.php?rest_route=\/wp\/v2\/posts\/2472\/revisions\/2482"}],"wp:featuredmedia":[{"embeddable":true,"href":"https:\/\/www.vehiculesanciens-airbuspalays.fr\/index.php?rest_route=\/wp\/v2\/media\/2475"}],"wp:attachment":[{"href":"https:\/\/www.vehiculesanciens-airbuspalays.fr\/index.php?rest_route=%2Fwp%2Fv2%2Fmedia&parent=2472"}],"wp:term":[{"taxonomy":"category","embeddable":true,"href":"https:\/\/www.vehiculesanciens-airbuspalays.fr\/index.php?rest_route=%2Fwp%2Fv2%2Fcategories&post=2472"},{"taxonomy":"post_tag","embeddable":true,"href":"https:\/\/www.vehiculesanciens-airbuspalays.fr\/index.php?rest_route=%2Fwp%2Fv2%2Ftags&post=2472"}],"curies":[{"name":"wp","href":"https:\/\/api.w.org\/{rel}","templated":true}]}}