{"id":2466,"date":"2020-06-16T10:10:44","date_gmt":"2020-06-16T08:10:44","guid":{"rendered":"https:\/\/www.vehiculesanciens-airbuspalays.fr\/?p=2466"},"modified":"2020-06-20T10:15:22","modified_gmt":"2020-06-20T08:15:22","slug":"16-juin-2020-matra530-reassemblage-a-blanc","status":"publish","type":"post","link":"https:\/\/www.vehiculesanciens-airbuspalays.fr\/?p=2466","title":{"rendered":"16 juin 2020 &#8211; Matra530 &#8211; R\u00e9assemblage a blanc"},"content":{"rendered":"\n<p>Bonjour \u00e0 tous,<\/p>\n\n\n\n<p>Nous \u00e9tions 4 lors de cet atelier du Mardi (Moi, R\u00e9mi, Blaise, , et Ren\u00e9)<\/p>\n\n\n\n<p>Le but de l\u2019atelier \u00e9tait d\u2019essayer de remonter toutes les parties principales de la carrosserie afin de :<\/p>\n\n\n\n<ol class=\"wp-block-list\" type=\"a\"><li>Voir si le ch\u00e2ssis \u00e9tait fort d\u00e9form\u00e9 ou pas,<\/li><li>Voir si les pi\u00e8ces que nous avions, \u00e9taient toutes montables ensemble,<\/li><li>Identifier les manques.<\/li><\/ol>\n\n\n\n<p>En effet, nous n\u2019avons jamais vu cette voiture mont\u00e9e et il se pourrait que certaines pi\u00e8ces ne soient pas compatibles entre elles (venant de mod\u00e8les diff\u00e9rents ou de voitures diff\u00e9rentes).<\/p>\n\n\n\n<p>Le r\u00e9sultat a \u00e9t\u00e9 plus que nos esp\u00e9rances, car, gr\u00e2ce \u00e0 la pr\u00e9sence d\u2019Alain, nous avons r\u00e9ussi \u00e0 remonter quasiment tout le haut de la voiture et positionner les deux portes.<\/p>\n\n\n\n<figure class=\"wp-block-image size-large\"><img loading=\"lazy\" decoding=\"async\" width=\"885\" height=\"472\" src=\"https:\/\/www.vehiculesanciens-airbuspalays.fr\/wp-content\/uploads\/2020\/06\/CR16062020.png\" alt=\"\" class=\"wp-image-2469\" srcset=\"https:\/\/www.vehiculesanciens-airbuspalays.fr\/wp-content\/uploads\/2020\/06\/CR16062020.png 885w, https:\/\/www.vehiculesanciens-airbuspalays.fr\/wp-content\/uploads\/2020\/06\/CR16062020-300x160.png 300w, https:\/\/www.vehiculesanciens-airbuspalays.fr\/wp-content\/uploads\/2020\/06\/CR16062020-768x410.png 768w\" sizes=\"auto, (max-width: 885px) 100vw, 885px\" \/><\/figure>\n\n\n\n<p><strong><u>Conclusion&nbsp;:<\/u><\/strong><\/p>\n\n\n\n<p>Le ch\u00e2ssis semble quasiment intact car les 2 porti\u00e8res ont pu etre ferm\u00e9es. R\u00e9mi a mesur\u00e9 l\u2019\u00e9cartement pour les portes de deux cot\u00e9s&nbsp;: il y a une diff\u00e9rence de 5 mm qui se rattrapera surement quand on redressera le ch\u00e2ssis.<\/p>\n\n\n\n<p>L\u2019ensemble des pi\u00e8ces remont\u00e9es semble coh\u00e9rent et sans grandes d\u00e9formations ni vrillage.<\/p>\n\n\n\n<p><strong>Plus de d\u00e9tail dans le Compte-rendu ci-joint.<\/strong><\/p>\n\n\n\n<figure class=\"wp-block-image\"><a href=\"https:\/\/www.vehiculesanciens-airbuspalays.fr\/wp-content\/uploads\/2020\/06\/Cr_Atelier__Mardi__16_Juin_Reassemblage_a_blanc.pdf\"><img loading=\"lazy\" decoding=\"async\" width=\"60\" height=\"59\" src=\"https:\/\/www.vehiculesanciens-airbuspalays.fr\/wp-content\/uploads\/2018\/02\/pdf-icon.png\" alt=\"\" class=\"wp-image-607\"\/><\/a><\/figure>\n\n\n\n<p>A Bient\u00f4t<\/p>\n\n\n\n<p>G\u00e9rard&nbsp; Cassette<\/p>\n","protected":false},"excerpt":{"rendered":"<p>Bonjour \u00e0 tous, Nous \u00e9tions 4 lors de cet atelier du Mardi (Moi, R\u00e9mi, Blaise, , et Ren\u00e9) Le but de l\u2019atelier \u00e9tait d\u2019essayer de remonter toutes les parties principales de la carrosserie afin de : Voir si le ch\u00e2ssis <a class=\"more-link\" href=\"https:\/\/www.vehiculesanciens-airbuspalays.fr\/?p=2466\">Continuer la lecture <span class=\"screen-reader-text\">  16 juin 2020 &#8211; Matra530 &#8211; R\u00e9assemblage a blanc<\/span><span class=\"meta-nav\">&rarr;<\/span><\/a><\/p>\n","protected":false},"author":1,"featured_media":2469,"comment_status":"open","ping_status":"open","sticky":false,"template":"","format":"standard","meta":{"footnotes":""},"categories":[44,8],"tags":[57],"class_list":["post-2466","post","type-post","status-publish","format-standard","has-post-thumbnail","hentry","category-projets-collectifs","category-renovation-collective-dune-matra","tag-matra-530"],"publishpress_future_action":{"enabled":false,"date":"2026-05-07 23:25:03","action":"change-status","newStatus":"draft","terms":[],"taxonomy":"category","extraData":[]},"publishpress_future_workflow_manual_trigger":{"enabledWorkflows":[]},"_links":{"self":[{"href":"https:\/\/www.vehiculesanciens-airbuspalays.fr\/index.php?rest_route=\/wp\/v2\/posts\/2466","targetHints":{"allow":["GET"]}}],"collection":[{"href":"https:\/\/www.vehiculesanciens-airbuspalays.fr\/index.php?rest_route=\/wp\/v2\/posts"}],"about":[{"href":"https:\/\/www.vehiculesanciens-airbuspalays.fr\/index.php?rest_route=\/wp\/v2\/types\/post"}],"author":[{"embeddable":true,"href":"https:\/\/www.vehiculesanciens-airbuspalays.fr\/index.php?rest_route=\/wp\/v2\/users\/1"}],"replies":[{"embeddable":true,"href":"https:\/\/www.vehiculesanciens-airbuspalays.fr\/index.php?rest_route=%2Fwp%2Fv2%2Fcomments&post=2466"}],"version-history":[{"count":3,"href":"https:\/\/www.vehiculesanciens-airbuspalays.fr\/index.php?rest_route=\/wp\/v2\/posts\/2466\/revisions"}],"predecessor-version":[{"id":2471,"href":"https:\/\/www.vehiculesanciens-airbuspalays.fr\/index.php?rest_route=\/wp\/v2\/posts\/2466\/revisions\/2471"}],"wp:featuredmedia":[{"embeddable":true,"href":"https:\/\/www.vehiculesanciens-airbuspalays.fr\/index.php?rest_route=\/wp\/v2\/media\/2469"}],"wp:attachment":[{"href":"https:\/\/www.vehiculesanciens-airbuspalays.fr\/index.php?rest_route=%2Fwp%2Fv2%2Fmedia&parent=2466"}],"wp:term":[{"taxonomy":"category","embeddable":true,"href":"https:\/\/www.vehiculesanciens-airbuspalays.fr\/index.php?rest_route=%2Fwp%2Fv2%2Fcategories&post=2466"},{"taxonomy":"post_tag","embeddable":true,"href":"https:\/\/www.vehiculesanciens-airbuspalays.fr\/index.php?rest_route=%2Fwp%2Fv2%2Ftags&post=2466"}],"curies":[{"name":"wp","href":"https:\/\/api.w.org\/{rel}","templated":true}]}}