{"id":2457,"date":"2020-06-02T21:07:14","date_gmt":"2020-06-02T19:07:14","guid":{"rendered":"https:\/\/www.vehiculesanciens-airbuspalays.fr\/?p=2457"},"modified":"2020-06-15T21:11:01","modified_gmt":"2020-06-15T19:11:01","slug":"02-09-juin-2020-matra530-avancees-diverses","status":"publish","type":"post","link":"https:\/\/www.vehiculesanciens-airbuspalays.fr\/?p=2457","title":{"rendered":"02 &#038; 09 juin 2020 &#8211; Matra530 &#8211; Avanc\u00e9es diverses"},"content":{"rendered":"\n<p><em>Bonjour \u00e0 tous,<\/em><\/p>\n\n\n\n<p><em>Le red\u00e9marrage des ateliers moteur est un peu lent par manque de main d\u2019\u0153uvre et il nous faut retrouver nos marques apr\u00e8s ces 3 mois de confinement&nbsp;!!<\/em><\/p>\n\n\n\n<p><strong><u>Carburations<\/u><\/strong><\/p>\n\n\n\n<p>Apr\u00e8s un red\u00e9marrage de moteur sans soucis, nous avons pu tester le fonctionnement du stater qui semble correct&nbsp;; celui-ci \u00e9tant automatique et devant lib\u00e9rer le starter une fois le moteur mont\u00e9 en temp\u00e9rature.<\/p>\n\n\n\n<p>Les bougies sont trop froides et il faut les changer. A premi\u00e8re vue, Charon ne donne pas exactement ce qu\u2019il faut pour les moteurs Matra.<\/p>\n\n\n\n<p><strong><u>Temp\u00e9rature eau<\/u><\/strong><\/p>\n\n\n\n<p>La sonde que nous a fournis Charon n\u2019est pas non plus la bonne&nbsp;; on a rajout\u00e9 une r\u00e9sistance en s\u00e9rie en attendant la bonne.<\/p>\n\n\n\n<p><strong><u>Alternateur<\/u><\/strong><\/p>\n\n\n\n<p>L\u2019alternateur a \u00e9t\u00e9 c\u00e2bl\u00e9 et fonctionne bien. Le moteur fonctionne m\u00eame trop bien car on n\u2019arrive plus \u00e0 l\u2019arr\u00eater&nbsp;\ud83d\ude0a<\/p>\n\n\n\n<p>Une petite modif de c\u00e2blage est n\u00e9cessaire pour r\u00e9soudre le soucis.<\/p>\n\n\n\n<p><strong><u>Ch\u00e2ssis<\/u><\/strong><\/p>\n\n\n\n<p>Nous avons retir\u00e9 les entretoises de fixation du train arri\u00e8re.<\/p>\n\n\n\n<p><strong>Plus de d\u00e9tail dans le Compte-rendu ci-joint.<\/strong><\/p>\n\n\n\n<figure class=\"wp-block-image\"><a href=\"https:\/\/www.vehiculesanciens-airbuspalays.fr\/wp-content\/uploads\/2020\/06\/Cr_Atelier__Alternateur__1_09-06-2020.pdf\"><img loading=\"lazy\" decoding=\"async\" width=\"60\" height=\"59\" src=\"https:\/\/www.vehiculesanciens-airbuspalays.fr\/wp-content\/uploads\/2018\/02\/pdf-icon.png\" alt=\"\" class=\"wp-image-607\"\/><\/a><\/figure>\n\n\n\n<p>A Bient\u00f4t<\/p>\n\n\n\n<p>G\u00e9rard&nbsp; Cassette<\/p>\n\n\n\n<figure class=\"wp-block-image size-large\"><img loading=\"lazy\" decoding=\"async\" width=\"408\" height=\"421\" src=\"https:\/\/www.vehiculesanciens-airbuspalays.fr\/wp-content\/uploads\/2020\/06\/image006.png\" alt=\"\" class=\"wp-image-2459\" srcset=\"https:\/\/www.vehiculesanciens-airbuspalays.fr\/wp-content\/uploads\/2020\/06\/image006.png 408w, https:\/\/www.vehiculesanciens-airbuspalays.fr\/wp-content\/uploads\/2020\/06\/image006-291x300.png 291w\" sizes=\"auto, (max-width: 408px) 100vw, 408px\" \/><\/figure>\n\n\n\n<figure class=\"wp-block-image size-large\"><img loading=\"lazy\" decoding=\"async\" width=\"396\" height=\"430\" src=\"https:\/\/www.vehiculesanciens-airbuspalays.fr\/wp-content\/uploads\/2020\/06\/image003.png\" alt=\"\" class=\"wp-image-2460\" srcset=\"https:\/\/www.vehiculesanciens-airbuspalays.fr\/wp-content\/uploads\/2020\/06\/image003.png 396w, https:\/\/www.vehiculesanciens-airbuspalays.fr\/wp-content\/uploads\/2020\/06\/image003-276x300.png 276w\" sizes=\"auto, (max-width: 396px) 100vw, 396px\" \/><\/figure>\n","protected":false},"excerpt":{"rendered":"<p>Bonjour \u00e0 tous, Le red\u00e9marrage des ateliers moteur est un peu lent par manque de main d\u2019\u0153uvre et il nous faut retrouver nos marques apr\u00e8s ces 3 mois de confinement&nbsp;!! Carburations Apr\u00e8s un red\u00e9marrage de moteur sans soucis, nous avons <a class=\"more-link\" href=\"https:\/\/www.vehiculesanciens-airbuspalays.fr\/?p=2457\">Continuer la lecture <span class=\"screen-reader-text\">  02 &#038; 09 juin 2020 &#8211; Matra530 &#8211; Avanc\u00e9es diverses<\/span><span class=\"meta-nav\">&rarr;<\/span><\/a><\/p>\n","protected":false},"author":1,"featured_media":2459,"comment_status":"open","ping_status":"open","sticky":false,"template":"","format":"standard","meta":{"footnotes":""},"categories":[44,8],"tags":[57],"class_list":["post-2457","post","type-post","status-publish","format-standard","has-post-thumbnail","hentry","category-projets-collectifs","category-renovation-collective-dune-matra","tag-matra-530"],"publishpress_future_action":{"enabled":false,"date":"2026-05-07 23:25:04","action":"change-status","newStatus":"draft","terms":[],"taxonomy":"category","extraData":[]},"publishpress_future_workflow_manual_trigger":{"enabledWorkflows":[]},"_links":{"self":[{"href":"https:\/\/www.vehiculesanciens-airbuspalays.fr\/index.php?rest_route=\/wp\/v2\/posts\/2457","targetHints":{"allow":["GET"]}}],"collection":[{"href":"https:\/\/www.vehiculesanciens-airbuspalays.fr\/index.php?rest_route=\/wp\/v2\/posts"}],"about":[{"href":"https:\/\/www.vehiculesanciens-airbuspalays.fr\/index.php?rest_route=\/wp\/v2\/types\/post"}],"author":[{"embeddable":true,"href":"https:\/\/www.vehiculesanciens-airbuspalays.fr\/index.php?rest_route=\/wp\/v2\/users\/1"}],"replies":[{"embeddable":true,"href":"https:\/\/www.vehiculesanciens-airbuspalays.fr\/index.php?rest_route=%2Fwp%2Fv2%2Fcomments&post=2457"}],"version-history":[{"count":4,"href":"https:\/\/www.vehiculesanciens-airbuspalays.fr\/index.php?rest_route=\/wp\/v2\/posts\/2457\/revisions"}],"predecessor-version":[{"id":2464,"href":"https:\/\/www.vehiculesanciens-airbuspalays.fr\/index.php?rest_route=\/wp\/v2\/posts\/2457\/revisions\/2464"}],"wp:featuredmedia":[{"embeddable":true,"href":"https:\/\/www.vehiculesanciens-airbuspalays.fr\/index.php?rest_route=\/wp\/v2\/media\/2459"}],"wp:attachment":[{"href":"https:\/\/www.vehiculesanciens-airbuspalays.fr\/index.php?rest_route=%2Fwp%2Fv2%2Fmedia&parent=2457"}],"wp:term":[{"taxonomy":"category","embeddable":true,"href":"https:\/\/www.vehiculesanciens-airbuspalays.fr\/index.php?rest_route=%2Fwp%2Fv2%2Fcategories&post=2457"},{"taxonomy":"post_tag","embeddable":true,"href":"https:\/\/www.vehiculesanciens-airbuspalays.fr\/index.php?rest_route=%2Fwp%2Fv2%2Ftags&post=2457"}],"curies":[{"name":"wp","href":"https:\/\/api.w.org\/{rel}","templated":true}]}}