{"id":2450,"date":"2020-06-13T20:57:56","date_gmt":"2020-06-13T18:57:56","guid":{"rendered":"https:\/\/www.vehiculesanciens-airbuspalays.fr\/?p=2450"},"modified":"2020-06-15T21:06:02","modified_gmt":"2020-06-15T19:06:02","slug":"13-juin-2020-matra530-avancees","status":"publish","type":"post","link":"https:\/\/www.vehiculesanciens-airbuspalays.fr\/?p=2450","title":{"rendered":"13 juin 2020 &#8211; Matra530 &#8211; Avanc\u00e9es diverses"},"content":{"rendered":"\n<p>Bonjour \u00e0 tous,<\/p>\n\n\n\n<p>Grosse activit\u00e9 ce Samedi avec 3 chantiers&nbsp;: Ch\u00e2ssis, Carrosserie, Electricit\u00e9.<\/p>\n\n\n\n<p>N\u2019h\u00e9sitez pas \u00e0 venir nous rejoindre&nbsp;: il y a du travail pour toutes les bonnes volont\u00e9s<\/p>\n\n\n\n<p><strong>Plus de d\u00e9tail dans le Compte-rendu ci-joint.<\/strong><\/p>\n\n\n\n<figure class=\"wp-block-image\"><a href=\"https:\/\/www.vehiculesanciens-airbuspalays.fr\/wp-content\/uploads\/2020\/06\/Cr_Atelier__Samedi__13-06-2020.pdf\"><img loading=\"lazy\" decoding=\"async\" width=\"60\" height=\"59\" src=\"https:\/\/www.vehiculesanciens-airbuspalays.fr\/wp-content\/uploads\/2018\/02\/pdf-icon.png\" alt=\"\" class=\"wp-image-607\"\/><\/a><\/figure>\n\n\n\n<p>A Bient\u00f4t<\/p>\n\n\n\n<p>G\u00e9rard&nbsp; Cassette<\/p>\n\n\n\n<figure class=\"wp-block-image size-large\"><img loading=\"lazy\" decoding=\"async\" width=\"530\" height=\"264\" src=\"https:\/\/www.vehiculesanciens-airbuspalays.fr\/wp-content\/uploads\/2020\/06\/thumbnail.png\" alt=\"\" class=\"wp-image-2452\" srcset=\"https:\/\/www.vehiculesanciens-airbuspalays.fr\/wp-content\/uploads\/2020\/06\/thumbnail.png 530w, https:\/\/www.vehiculesanciens-airbuspalays.fr\/wp-content\/uploads\/2020\/06\/thumbnail-300x149.png 300w\" sizes=\"auto, (max-width: 530px) 100vw, 530px\" \/><\/figure>\n","protected":false},"excerpt":{"rendered":"<p>Bonjour \u00e0 tous, Grosse activit\u00e9 ce Samedi avec 3 chantiers&nbsp;: Ch\u00e2ssis, Carrosserie, Electricit\u00e9. N\u2019h\u00e9sitez pas \u00e0 venir nous rejoindre&nbsp;: il y a du travail pour toutes les bonnes volont\u00e9s Plus de d\u00e9tail dans le Compte-rendu ci-joint. A Bient\u00f4t G\u00e9rard&nbsp; Cassette<\/p>\n","protected":false},"author":1,"featured_media":2452,"comment_status":"open","ping_status":"open","sticky":false,"template":"","format":"standard","meta":{"footnotes":""},"categories":[44,8],"tags":[57],"class_list":["post-2450","post","type-post","status-publish","format-standard","has-post-thumbnail","hentry","category-projets-collectifs","category-renovation-collective-dune-matra","tag-matra-530"],"publishpress_future_action":{"enabled":false,"date":"2026-05-07 23:25:05","action":"change-status","newStatus":"draft","terms":[],"taxonomy":"category","extraData":[]},"publishpress_future_workflow_manual_trigger":{"enabledWorkflows":[]},"_links":{"self":[{"href":"https:\/\/www.vehiculesanciens-airbuspalays.fr\/index.php?rest_route=\/wp\/v2\/posts\/2450","targetHints":{"allow":["GET"]}}],"collection":[{"href":"https:\/\/www.vehiculesanciens-airbuspalays.fr\/index.php?rest_route=\/wp\/v2\/posts"}],"about":[{"href":"https:\/\/www.vehiculesanciens-airbuspalays.fr\/index.php?rest_route=\/wp\/v2\/types\/post"}],"author":[{"embeddable":true,"href":"https:\/\/www.vehiculesanciens-airbuspalays.fr\/index.php?rest_route=\/wp\/v2\/users\/1"}],"replies":[{"embeddable":true,"href":"https:\/\/www.vehiculesanciens-airbuspalays.fr\/index.php?rest_route=%2Fwp%2Fv2%2Fcomments&post=2450"}],"version-history":[{"count":4,"href":"https:\/\/www.vehiculesanciens-airbuspalays.fr\/index.php?rest_route=\/wp\/v2\/posts\/2450\/revisions"}],"predecessor-version":[{"id":2456,"href":"https:\/\/www.vehiculesanciens-airbuspalays.fr\/index.php?rest_route=\/wp\/v2\/posts\/2450\/revisions\/2456"}],"wp:featuredmedia":[{"embeddable":true,"href":"https:\/\/www.vehiculesanciens-airbuspalays.fr\/index.php?rest_route=\/wp\/v2\/media\/2452"}],"wp:attachment":[{"href":"https:\/\/www.vehiculesanciens-airbuspalays.fr\/index.php?rest_route=%2Fwp%2Fv2%2Fmedia&parent=2450"}],"wp:term":[{"taxonomy":"category","embeddable":true,"href":"https:\/\/www.vehiculesanciens-airbuspalays.fr\/index.php?rest_route=%2Fwp%2Fv2%2Fcategories&post=2450"},{"taxonomy":"post_tag","embeddable":true,"href":"https:\/\/www.vehiculesanciens-airbuspalays.fr\/index.php?rest_route=%2Fwp%2Fv2%2Ftags&post=2450"}],"curies":[{"name":"wp","href":"https:\/\/api.w.org\/{rel}","templated":true}]}}