{"id":2416,"date":"2020-03-05T11:10:03","date_gmt":"2020-03-05T10:10:03","guid":{"rendered":"https:\/\/www.vehiculesanciens-airbuspalays.fr\/?p=2416"},"modified":"2020-03-15T11:13:42","modified_gmt":"2020-03-15T10:13:42","slug":"05-mars-2020-matra530-avancees-trains-freins-roues-direction","status":"publish","type":"post","link":"https:\/\/www.vehiculesanciens-airbuspalays.fr\/?p=2416","title":{"rendered":"05 mars 2020 &#8211; Matra530 &#8211; Avanc\u00e9es trains\/freins\/roues\/direction"},"content":{"rendered":"\n<p>Bonjour, on a \u00e9t\u00e9 3 jeudi dernier, merci \u00e0 Fran\u00e7ois et Christophe.<\/p>\n\n\n\n<p>Fran\u00e7ois a continu\u00e9 \u00e0 nettoyer les moyeux arri\u00e8res, d\u2019abord par brosse m\u00e9tallique (touret) puis avec le sableuse.<\/p>\n\n\n\n<p>Dans le but de nettoyer les cardans en profondeur, Christophe et moi avons tent\u00e9 de d\u00e9poser une des croisillons d\u2019un cardan, sans succ\u00e8s.&nbsp; Sur 4 circlips \u00f4t\u00e9s, 2 ont \u00e9t\u00e9 cass\u00e9s, et les croisillons n\u2019ont pas voulu sortir.&nbsp; Avant de partir, en discutant avec Alain Besnier, il nous a expliqu\u00e9 la m\u00e9thode pour les d\u00e9poser, mais vu que le croisillons n\u2019ont pas de jeu, il a sugg\u00e9r\u00e9 de ne pas les d\u00e9monter, et de nettoyer au mieux l\u2019assemblage avant de repeindre les parties actuellement rouill\u00e9es.<\/p>\n\n\n\n<p>Je r\u00e9digerai quelques notes pour le Manuel de R\u00e9paration sur la m\u00e9thode d\u2019Alain au cas ou on en aura besoin.<\/p>\n\n\n\n<p>Bon fin de semaine, Ted<\/p>\n\n\n\n<figure class=\"wp-block-gallery columns-1 wp-block-gallery-1 is-layout-flex wp-block-gallery-is-layout-flex\"><ul class=\"blocks-gallery-grid\"><li class=\"blocks-gallery-item\"><figure><a href=\"https:\/\/www.vehiculesanciens-airbuspalays.fr\/wp-content\/uploads\/2020\/03\/moyeux-arrieres-12-rotated.jpg\"><img loading=\"lazy\" decoding=\"async\" width=\"1024\" height=\"498\" src=\"https:\/\/www.vehiculesanciens-airbuspalays.fr\/wp-content\/uploads\/2020\/03\/moyeux-arrieres-12-rotated.jpg\" alt=\"\" data-id=\"2420\" data-full-url=\"https:\/\/www.vehiculesanciens-airbuspalays.fr\/wp-content\/uploads\/2020\/03\/moyeux-arrieres-12-rotated.jpg\" data-link=\"https:\/\/www.vehiculesanciens-airbuspalays.fr\/?attachment_id=2420\" class=\"wp-image-2420\" srcset=\"https:\/\/www.vehiculesanciens-airbuspalays.fr\/wp-content\/uploads\/2020\/03\/moyeux-arrieres-12-rotated.jpg 1024w, https:\/\/www.vehiculesanciens-airbuspalays.fr\/wp-content\/uploads\/2020\/03\/moyeux-arrieres-12-300x146.jpg 300w, https:\/\/www.vehiculesanciens-airbuspalays.fr\/wp-content\/uploads\/2020\/03\/moyeux-arrieres-12-768x374.jpg 768w\" sizes=\"auto, (max-width: 1024px) 100vw, 1024px\" \/><\/a><\/figure><\/li><li class=\"blocks-gallery-item\"><figure><a href=\"https:\/\/www.vehiculesanciens-airbuspalays.fr\/wp-content\/uploads\/2020\/03\/moyeux-arrieres-11-rotated.jpg\"><img loading=\"lazy\" decoding=\"async\" width=\"1024\" height=\"498\" src=\"https:\/\/www.vehiculesanciens-airbuspalays.fr\/wp-content\/uploads\/2020\/03\/moyeux-arrieres-11-rotated.jpg\" alt=\"\" data-id=\"2419\" data-full-url=\"https:\/\/www.vehiculesanciens-airbuspalays.fr\/wp-content\/uploads\/2020\/03\/moyeux-arrieres-11-rotated.jpg\" data-link=\"https:\/\/www.vehiculesanciens-airbuspalays.fr\/?attachment_id=2419\" class=\"wp-image-2419\" srcset=\"https:\/\/www.vehiculesanciens-airbuspalays.fr\/wp-content\/uploads\/2020\/03\/moyeux-arrieres-11-rotated.jpg 1024w, https:\/\/www.vehiculesanciens-airbuspalays.fr\/wp-content\/uploads\/2020\/03\/moyeux-arrieres-11-300x146.jpg 300w, https:\/\/www.vehiculesanciens-airbuspalays.fr\/wp-content\/uploads\/2020\/03\/moyeux-arrieres-11-768x374.jpg 768w\" sizes=\"auto, (max-width: 1024px) 100vw, 1024px\" \/><\/a><\/figure><\/li><li class=\"blocks-gallery-item\"><figure><a href=\"https:\/\/www.vehiculesanciens-airbuspalays.fr\/wp-content\/uploads\/2020\/03\/cardan-croisillon-11-rotated.jpg\"><img loading=\"lazy\" decoding=\"async\" width=\"498\" height=\"1024\" src=\"https:\/\/www.vehiculesanciens-airbuspalays.fr\/wp-content\/uploads\/2020\/03\/cardan-croisillon-11-rotated.jpg\" alt=\"\" data-id=\"2418\" data-full-url=\"https:\/\/www.vehiculesanciens-airbuspalays.fr\/wp-content\/uploads\/2020\/03\/cardan-croisillon-11-rotated.jpg\" data-link=\"https:\/\/www.vehiculesanciens-airbuspalays.fr\/?attachment_id=2418\" class=\"wp-image-2418\" srcset=\"https:\/\/www.vehiculesanciens-airbuspalays.fr\/wp-content\/uploads\/2020\/03\/cardan-croisillon-11-rotated.jpg 498w, https:\/\/www.vehiculesanciens-airbuspalays.fr\/wp-content\/uploads\/2020\/03\/cardan-croisillon-11-146x300.jpg 146w\" sizes=\"auto, (max-width: 498px) 100vw, 498px\" \/><\/a><\/figure><\/li><\/ul><\/figure>\n","protected":false},"excerpt":{"rendered":"<p>Bonjour, on a \u00e9t\u00e9 3 jeudi dernier, merci \u00e0 Fran\u00e7ois et Christophe. Fran\u00e7ois a continu\u00e9 \u00e0 nettoyer les moyeux arri\u00e8res, d\u2019abord par brosse m\u00e9tallique (touret) puis avec le sableuse. Dans le but de nettoyer les cardans en profondeur, Christophe et <a class=\"more-link\" href=\"https:\/\/www.vehiculesanciens-airbuspalays.fr\/?p=2416\">Continuer la lecture <span class=\"screen-reader-text\">  05 mars 2020 &#8211; Matra530 &#8211; Avanc\u00e9es trains\/freins\/roues\/direction<\/span><span class=\"meta-nav\">&rarr;<\/span><\/a><\/p>\n","protected":false},"author":1,"featured_media":0,"comment_status":"open","ping_status":"open","sticky":false,"template":"","format":"standard","meta":{"footnotes":""},"categories":[44,8],"tags":[57],"class_list":["post-2416","post","type-post","status-publish","format-standard","hentry","category-projets-collectifs","category-renovation-collective-dune-matra","tag-matra-530"],"publishpress_future_action":{"enabled":false,"date":"2026-05-07 21:50:23","action":"change-status","newStatus":"draft","terms":[],"taxonomy":"category","extraData":[]},"publishpress_future_workflow_manual_trigger":{"enabledWorkflows":[]},"_links":{"self":[{"href":"https:\/\/www.vehiculesanciens-airbuspalays.fr\/index.php?rest_route=\/wp\/v2\/posts\/2416","targetHints":{"allow":["GET"]}}],"collection":[{"href":"https:\/\/www.vehiculesanciens-airbuspalays.fr\/index.php?rest_route=\/wp\/v2\/posts"}],"about":[{"href":"https:\/\/www.vehiculesanciens-airbuspalays.fr\/index.php?rest_route=\/wp\/v2\/types\/post"}],"author":[{"embeddable":true,"href":"https:\/\/www.vehiculesanciens-airbuspalays.fr\/index.php?rest_route=\/wp\/v2\/users\/1"}],"replies":[{"embeddable":true,"href":"https:\/\/www.vehiculesanciens-airbuspalays.fr\/index.php?rest_route=%2Fwp%2Fv2%2Fcomments&post=2416"}],"version-history":[{"count":3,"href":"https:\/\/www.vehiculesanciens-airbuspalays.fr\/index.php?rest_route=\/wp\/v2\/posts\/2416\/revisions"}],"predecessor-version":[{"id":2422,"href":"https:\/\/www.vehiculesanciens-airbuspalays.fr\/index.php?rest_route=\/wp\/v2\/posts\/2416\/revisions\/2422"}],"wp:attachment":[{"href":"https:\/\/www.vehiculesanciens-airbuspalays.fr\/index.php?rest_route=%2Fwp%2Fv2%2Fmedia&parent=2416"}],"wp:term":[{"taxonomy":"category","embeddable":true,"href":"https:\/\/www.vehiculesanciens-airbuspalays.fr\/index.php?rest_route=%2Fwp%2Fv2%2Fcategories&post=2416"},{"taxonomy":"post_tag","embeddable":true,"href":"https:\/\/www.vehiculesanciens-airbuspalays.fr\/index.php?rest_route=%2Fwp%2Fv2%2Ftags&post=2416"}],"curies":[{"name":"wp","href":"https:\/\/api.w.org\/{rel}","templated":true}]}}