{"id":2412,"date":"2020-02-25T10:50:25","date_gmt":"2020-02-25T09:50:25","guid":{"rendered":"https:\/\/www.vehiculesanciens-airbuspalays.fr\/?p=2412"},"modified":"2020-03-15T10:52:23","modified_gmt":"2020-03-15T09:52:23","slug":"25-fevrier-2020-matra530-avancees-moteur","status":"publish","type":"post","link":"https:\/\/www.vehiculesanciens-airbuspalays.fr\/?p=2412","title":{"rendered":"25 f\u00e9vrier 2020 &#8211; Matra530 &#8211; Avanc\u00e9es moteur"},"content":{"rendered":"\n<p>Bonjour \u00e0 tous,<\/p>\n\n\n\n<p>Nous \u00e9tions que 3 lors de l\u2019atelier du 25 f\u00e9vrier (Moi et Blaise et Patrick). On a appel\u00e9 Patrick (S) en renfort pour la partie \u00e9lectrique, le but de l\u2019atelier \u00e9tait de finir le remontage du haut moteur et de faire un premier d\u00e9marrage.<\/p>\n\n\n\n<p><strong>Remontage haut moteur&nbsp;:<\/strong><\/p>\n\n\n\n<p>Nous avons effectu\u00e9 le remontage du carburateur, des durites.<\/p>\n\n\n\n<p>Puis nous avons effectu\u00e9 le remontage de la partie \u00e9lectrique&nbsp;: allumage, batterie, etc<\/p>\n\n\n\n<p>Puis nous avons effectu\u00e9 un test de d\u00e9marrage.<\/p>\n\n\n\n<p><strong>Test de d\u00e9marrage&nbsp;:<\/strong><\/p>\n\n\n\n<p>Nous partions confiant et, h\u00e9las, nous n\u2019avons rien obtenu&nbsp;: le moteur a refus\u00e9 de d\u00e9marrer&nbsp;!<\/p>\n\n\n\n<p>Un rapide diagnostic a conclu \u00e0 un manque d\u2019allumage.<\/p>\n\n\n\n<p>Nous avons ensuite remont\u00e9 le rupteur pour essayer de continuer (m\u00eame sans condensateur) et nous avons obtenu un l\u00e9ger toussement du moteur mais nous avons eu l\u2019impression que seul 1 ou 2 cylindres claquaient sur les 4.<\/p>\n\n\n\n<p>Nous avons donc arr\u00eat\u00e9 l\u2019essai&nbsp;; tres d\u00e9\u00e7u.&nbsp;\u2639&nbsp;\u2639&nbsp;\u2639<\/p>\n\n\n\n<p><strong>Pr\u00e9paration Ch\u00e2ssis&nbsp;:<\/strong><\/p>\n\n\n\n<p>Nous avons coup\u00e9 en longueur 2 des 4 tubes qui doivent servir de traverses transversales au disque \u00e0 tron\u00e7onner.<\/p>\n\n\n\n<p><strong>Table \u00e0 souder<\/strong><\/p>\n\n\n\n<p>Nous avons transform\u00e9 la table en bois qui a servi a pos\u00e9 le moteur en table de Soudage&nbsp;:<\/p>\n\n\n\n<p><strong>Plus de d\u00e9tail dans le Compte-rendu ci-joint.<\/strong><\/p>\n\n\n\n<p>A Bient\u00f4t<\/p>\n\n\n\n<p>G\u00e9rard<\/p>\n\n\n\n<figure class=\"wp-block-image\"><a href=\"https:\/\/www.vehiculesanciens-airbuspalays.fr\/wp-content\/uploads\/2020\/03\/Cr_Atelier__Remontage3__25-02-2020.pdf\"><img loading=\"lazy\" decoding=\"async\" width=\"60\" height=\"59\" src=\"https:\/\/www.vehiculesanciens-airbuspalays.fr\/wp-content\/uploads\/2018\/02\/pdf-icon.png\" alt=\"\" class=\"wp-image-607\"\/><\/a><\/figure>\n","protected":false},"excerpt":{"rendered":"<p>Bonjour \u00e0 tous, Nous \u00e9tions que 3 lors de l\u2019atelier du 25 f\u00e9vrier (Moi et Blaise et Patrick). On a appel\u00e9 Patrick (S) en renfort pour la partie \u00e9lectrique, le but de l\u2019atelier \u00e9tait de finir le remontage du haut <a class=\"more-link\" href=\"https:\/\/www.vehiculesanciens-airbuspalays.fr\/?p=2412\">Continuer la lecture <span class=\"screen-reader-text\">  25 f\u00e9vrier 2020 &#8211; Matra530 &#8211; Avanc\u00e9es moteur<\/span><span class=\"meta-nav\">&rarr;<\/span><\/a><\/p>\n","protected":false},"author":1,"featured_media":0,"comment_status":"open","ping_status":"open","sticky":false,"template":"","format":"standard","meta":{"footnotes":""},"categories":[44,8],"tags":[57],"class_list":["post-2412","post","type-post","status-publish","format-standard","hentry","category-projets-collectifs","category-renovation-collective-dune-matra","tag-matra-530"],"publishpress_future_action":{"enabled":false,"date":"2026-05-08 13:25:20","action":"change-status","newStatus":"draft","terms":[],"taxonomy":"category","extraData":[]},"publishpress_future_workflow_manual_trigger":{"enabledWorkflows":[]},"_links":{"self":[{"href":"https:\/\/www.vehiculesanciens-airbuspalays.fr\/index.php?rest_route=\/wp\/v2\/posts\/2412","targetHints":{"allow":["GET"]}}],"collection":[{"href":"https:\/\/www.vehiculesanciens-airbuspalays.fr\/index.php?rest_route=\/wp\/v2\/posts"}],"about":[{"href":"https:\/\/www.vehiculesanciens-airbuspalays.fr\/index.php?rest_route=\/wp\/v2\/types\/post"}],"author":[{"embeddable":true,"href":"https:\/\/www.vehiculesanciens-airbuspalays.fr\/index.php?rest_route=\/wp\/v2\/users\/1"}],"replies":[{"embeddable":true,"href":"https:\/\/www.vehiculesanciens-airbuspalays.fr\/index.php?rest_route=%2Fwp%2Fv2%2Fcomments&post=2412"}],"version-history":[{"count":2,"href":"https:\/\/www.vehiculesanciens-airbuspalays.fr\/index.php?rest_route=\/wp\/v2\/posts\/2412\/revisions"}],"predecessor-version":[{"id":2415,"href":"https:\/\/www.vehiculesanciens-airbuspalays.fr\/index.php?rest_route=\/wp\/v2\/posts\/2412\/revisions\/2415"}],"wp:attachment":[{"href":"https:\/\/www.vehiculesanciens-airbuspalays.fr\/index.php?rest_route=%2Fwp%2Fv2%2Fmedia&parent=2412"}],"wp:term":[{"taxonomy":"category","embeddable":true,"href":"https:\/\/www.vehiculesanciens-airbuspalays.fr\/index.php?rest_route=%2Fwp%2Fv2%2Fcategories&post=2412"},{"taxonomy":"post_tag","embeddable":true,"href":"https:\/\/www.vehiculesanciens-airbuspalays.fr\/index.php?rest_route=%2Fwp%2Fv2%2Ftags&post=2412"}],"curies":[{"name":"wp","href":"https:\/\/api.w.org\/{rel}","templated":true}]}}