{"id":2397,"date":"2020-02-25T11:22:22","date_gmt":"2020-02-25T10:22:22","guid":{"rendered":"https:\/\/www.vehiculesanciens-airbuspalays.fr\/?p=2397"},"modified":"2020-03-01T11:25:00","modified_gmt":"2020-03-01T10:25:00","slug":"1617-decembre-2019-matra530-avancees-moteur-3-2-2-2-2-2-2-2","status":"publish","type":"post","link":"https:\/\/www.vehiculesanciens-airbuspalays.fr\/?p=2397","title":{"rendered":"25 f\u00e9vrier 2020 &#8211; Matra530 &#8211; Avanc\u00e9es trains\/freins\/roues\/direction"},"content":{"rendered":"\n<p>\n\nBonjour, quelques notes de l\u2019atelier de mardi midi&nbsp;:&nbsp;Pr\u00e9sents&nbsp;: Fran\u00e7ois + Ted&nbsp;<\/p>\n\n\n\n<ul class=\"wp-block-list\"><li>Capot arri\u00e8re&nbsp;: j\u2019ai d\u00e9pos\u00e9 les poids du capot coll\u00e9 au raidisseur samedi apr\u00e8m et au bout de quelques secondes, le raidisseur s\u2019est s\u00e9par\u00e9 de la colle&nbsp;\u2639&nbsp;&nbsp;Peut-\u00eatre il existe une colle de type \u2018mastic\u2019 qui est plus fort en tension, mais je ne pense pas que ce soit la solution.&nbsp; Je crois que le mieux serait de combler l\u2019\u00e9cart entre les 2 pi\u00e8ces avec plus de colle mastic, au moins cela \u00e9vitera que les 2 \u00e9l\u00e9ments s\u2019abiment l\u2019un contre l\u2019autre et cela devrait amortir les bruits de vibration \/ r\u00e9sonance).&nbsp; On doit pouvoir peindre par-dessus, donc la colle blanche ne se verra plus.&nbsp; Attente avis de Bernard.<\/li><li>Pi\u00e8ces de direction ramen\u00e9s \u00e0 l\u2019atelier apr\u00e8s peinture \u00e0 la bombe (Ted)&nbsp;: tube + tige de direction + 2 barres de direction, sur \u00e9tag\u00e8re \u2018direction\u2019 (voir photos)<\/li><li>Mesures traverse avant \/ ch\u00e2ssis pour visserie provisoire&nbsp;:&nbsp;les 4 vis qui fixent le traverse avant au ch\u00e2ssis sont du M12 mais avec un pas plus fin que les M12 standards (des \u00e9crous \/ trous filet\u00e9s dans le ch\u00e2ssis, difficiles \u00e0 mesurer le pas).&nbsp; Sur internet, je vois que le standard est M12 x 1.75mm (comme qqs vis outillages qui trainent dans l\u2019atelier qui ne rentrent que peu dans les \u00e9crous), il y a 2 pas fins en M12, le 1.5mm et le 1.25mm.&nbsp; Le meilleur mesure que j\u2019ai pu faire donne 1.4mm, donc non-concluant.&nbsp; Je n\u2019ai pas de jauge pour les filets, je pense que le meilleur fa\u00e7on sera d\u2019y aller avec des vis standards M10 x 1.5 et M8 x 1.25 et voir laquelle des 2 se marie le mieux avec le filetage du ch\u00e2ssis.&nbsp; Les trous de passage sont de diam\u00eatre environ 12.7mm (pas assez pour des vis d\u2019une demie pouce&nbsp;J&nbsp;).&nbsp;&nbsp; Apr\u00e8s ces perturbations, j\u2019ai oubli\u00e9 de mesurer la longueur n\u00e9cessaire des vis, j\u2019essaye d\u2019y passer un soir de la semaine avec aussi des vis M10 x 1.5 et M8 x 1.25.<\/li><li>2 \u2018ressorts\u2019 des plaquettes de frein \/ \u00e9trier trouv\u00e9s dans les pi\u00e8ces train avant, nettoy\u00e9s.&nbsp; Il n\u2019en manque qu\u2019une paire de ces ressorts.<\/li><li>2<sup>\u00e8me<\/sup>&nbsp;moyeu avant + ses pi\u00e8ces nettoy\u00e9s&nbsp;: la bague est endommag\u00e9 comme pour l\u2019autre moyeu, et les 2 soufflets des rotules sont \u00e0 remplacer, + la plupart des vis et \u00e9crous<\/li><li>Un des moyeux arri\u00e8res nettoy\u00e9 \u00e0 le brosse sur le touret, encore pas mal de piqures, voir photos.&nbsp; Sablage \u00e0 pr\u00e9voir&nbsp;?<\/li><li>Nettoyage grossier de la graisse des 2 cardans (parties rainur\u00e9es) voir photo.&nbsp; De la rouille \u00e0 enlever des cardans, puis peinture.<\/li><li>Photos jointes aussi des 4 \u00e9triers et le boitier de direction \/ cr\u00e9maill\u00e8re post-sablage (activit\u00e9 de samedi 15\/02\/2020)<\/li><\/ul>\n\n\n\n<ul class=\"wp-block-list\"><li>La pile de l\u2019horloge de l\u2019atelier est morte, j\u2019en am\u00e8nerai une nouvelle prochainement.<\/li><\/ul>\n\n\n\n<p>&nbsp;Rel\u00e8ve de l\u2019apr\u00e8m vers 14h00&nbsp;: Blaise, et crois\u00e9 Gerard en partant\n\n<\/p>\n\n\n\n<style id=\"bwg-style-0\">    #bwg_container1_0 #bwg_container2_0 .bwg-container-0.bwg-standard-thumbnails {      width: 1264px;              justify-content: center;        margin:0 auto !important;              background-color: rgba(255, 255, 255, 0.00);            padding-left: 4px;      padding-top: 4px;      max-width: 100%;            }        #bwg_container1_0 #bwg_container2_0 .bwg-container-0.bwg-standard-thumbnails .bwg-item {    justify-content: flex-start;      max-width: 252px;            width: 252px !important;          }    #bwg_container1_0 #bwg_container2_0 .bwg-container-0.bwg-standard-thumbnails .bwg-item a {       margin-right: 4px;       margin-bottom: 4px;    }    #bwg_container1_0 #bwg_container2_0 .bwg-container-0.bwg-standard-thumbnails .bwg-item0 {      padding: 0px;            background-color:rgba(255,255,255, 0.30);      border: 0px none #CCCCCC;      opacity: 1.00;      border-radius: 0;      box-shadow: 0px 0px 0px #888888;    }    #bwg_container1_0 #bwg_container2_0 .bwg-container-0.bwg-standard-thumbnails .bwg-item1 img {      max-height: none;      max-width: none;      padding: 0 !important;    }        @media only screen and (min-width: 480px) {      #bwg_container1_0 #bwg_container2_0 .bwg-container-0.bwg-standard-thumbnails .bwg-item0 {        transition: all 0.3s ease 0s;-webkit-transition: all 0.3s ease 0s;      }      #bwg_container1_0 #bwg_container2_0 .bwg-container-0.bwg-standard-thumbnails .bwg-item0:hover {        -ms-transform: scale(1.1);        -webkit-transform: scale(1.1);        transform: scale(1.1);      }    }          #bwg_container1_0 #bwg_container2_0 .bwg-container-0.bwg-standard-thumbnails .bwg-item1 {      padding-top: 63.492063492063%;    }        #bwg_container1_0 #bwg_container2_0 .bwg-container-0.bwg-standard-thumbnails .bwg-title2,    #bwg_container1_0 #bwg_container2_0 .bwg-container-0.bwg-standard-thumbnails .bwg-ecommerce2 {      color: #CCCCCC;      font-family: segoe ui;      font-size: 16px;      font-weight: bold;      padding: 2px;      text-shadow: 0px 0px 0px #888888;      max-height: 100%;    }    #bwg_container1_0 #bwg_container2_0 .bwg-container-0.bwg-standard-thumbnails .bwg-thumb-description span {    color: #323A45;    font-family: Ubuntu;    font-size: 12px;    max-height: 100%;    word-wrap: break-word;    }    #bwg_container1_0 #bwg_container2_0 .bwg-container-0.bwg-standard-thumbnails .bwg-play-icon2 {      font-size: 32px;    }    #bwg_container1_0 #bwg_container2_0 .bwg-container-0.bwg-standard-thumbnails .bwg-ecommerce2 {      font-size: 19.2px;      color: #CCCCCC;    }    <\/style>    <div id=\"bwg_container1_0\"         class=\"bwg_container bwg_thumbnail bwg_thumbnails \"         data-right-click-protection=\"0\"         data-bwg=\"0\"         data-scroll=\"0\"         data-gallery-type=\"thumbnails\"         data-gallery-view-type=\"thumbnails\"         data-current-url=\"\/index.php?rest_route=%2Fwp%2Fv2%2Fposts%2F2397\"         data-lightbox-url=\"https:\/\/www.vehiculesanciens-airbuspalays.fr\/wp-admin\/admin-ajax.php?action=GalleryBox&#038;current_view=0&#038;gallery_id=57&#038;tag=0&#038;theme_id=1&#038;shortcode_id=124&#038;sort_by=date&#038;order_by=asc&#038;current_url=%2Findex.php%3Frest_route%3D%252Fwp%252Fv2%252Fposts%252F2397\"         data-gallery-id=\"57\"         data-popup-width=\"800\"         data-popup-height=\"500\"         data-is-album=\"gallery\"         data-buttons-position=\"bottom\">      <div id=\"bwg_container2_0\">             <div id=\"ajax_loading_0\" class=\"bwg_loading_div_1\">      <div class=\"bwg_loading_div_2\">        <div class=\"bwg_loading_div_3\">          <div id=\"loading_div_0\" class=\"bwg_spider_ajax_loading\">          <\/div>        <\/div>      <\/div>    <\/div>            <form id=\"gal_front_form_0\"              class=\"bwg-hidden\"              method=\"post\"              action=\"#\"              data-current=\"0\"              data-shortcode-id=\"124\"              data-gallery-type=\"thumbnails\"              data-gallery-id=\"57\"              data-tag=\"0\"              data-album-id=\"0\"              data-theme-id=\"1\"              data-ajax-url=\"https:\/\/www.vehiculesanciens-airbuspalays.fr\/wp-admin\/admin-ajax.php?action=bwg_frontend_data\">          <div id=\"bwg_container3_0\" class=\"bwg-background bwg-background-0\">                <div data-max-count=\"5\"         data-thumbnail-width=\"252\"         data-bwg=\"0\"         data-gallery-id=\"57\"         data-lightbox-url=\"https:\/\/www.vehiculesanciens-airbuspalays.fr\/wp-admin\/admin-ajax.php?action=GalleryBox&amp;current_view=0&amp;gallery_id=57&amp;tag=0&amp;theme_id=1&amp;shortcode_id=124&amp;sort_by=date&amp;order_by=asc&amp;current_url=%2Findex.php%3Frest_route%3D%252Fwp%252Fv2%252Fposts%252F2397\"         id=\"bwg_thumbnails_0\"         class=\"bwg-container-0 bwg-thumbnails bwg-standard-thumbnails bwg-container bwg-border-box\">            <div class=\"bwg-item\">        <a class=\"bwg-a  bwg_lightbox\"  data-image-id=\"1541\" href=\"https:\/\/www.vehiculesanciens-airbuspalays.fr\/wp-content\/uploads\/photo-gallery\/2020-02-25_Avanc\u00e9es_trains\/thumbnail_25_02_2020_1.jpg?bwg=1583058125\" data-elementor-open-lightbox=\"no\">                <div class=\"bwg-item0  lazy_loader \">          <div class=\"bwg-item1 \">            <div class=\"bwg-item2\">              <img decoding=\"async\" class=\"skip-lazy bwg_standart_thumb_img_0  bwg_lazyload \"                   data-id=\"1541\"                   data-width=\"1024\"                   data-height=\"2106\"                   data-src=\"https:\/\/www.vehiculesanciens-airbuspalays.fr\/wp-content\/uploads\/photo-gallery\/2020-02-25_Avanc\u00e9es_trains\/thumb\/thumbnail_25_02_2020_1.jpg?bwg=1583058125\"                   src=\"https:\/\/www.vehiculesanciens-airbuspalays.fr\/wp-content\/plugins\/photo-gallery\/images\/lazy_placeholder.gif\"                   alt=\"thumbnail 25 02 2020 1\"                   title=\"thumbnail 25 02 2020 1\" \/>            <\/div>            <div class=\"\">                                                      <\/div>          <\/div>        <\/div>                        <\/a>              <\/div>            <div class=\"bwg-item\">        <a class=\"bwg-a  bwg_lightbox\"  data-image-id=\"1542\" href=\"https:\/\/www.vehiculesanciens-airbuspalays.fr\/wp-content\/uploads\/photo-gallery\/2020-02-25_Avanc\u00e9es_trains\/thumbnail_25_02_2020_7.jpg?bwg=1583058125\" data-elementor-open-lightbox=\"no\">                <div class=\"bwg-item0  lazy_loader \">          <div class=\"bwg-item1 \">            <div class=\"bwg-item2\">              <img decoding=\"async\" class=\"skip-lazy bwg_standart_thumb_img_0  bwg_lazyload \"                   data-id=\"1542\"                   data-width=\"1024\"                   data-height=\"498\"                   data-src=\"https:\/\/www.vehiculesanciens-airbuspalays.fr\/wp-content\/uploads\/photo-gallery\/2020-02-25_Avanc\u00e9es_trains\/thumb\/thumbnail_25_02_2020_7.jpg?bwg=1583058125\"                   src=\"https:\/\/www.vehiculesanciens-airbuspalays.fr\/wp-content\/plugins\/photo-gallery\/images\/lazy_placeholder.gif\"                   alt=\"thumbnail 25 02 2020 7\"                   title=\"thumbnail 25 02 2020 7\" \/>            <\/div>            <div class=\"\">                                                      <\/div>          <\/div>        <\/div>                        <\/a>              <\/div>            <div class=\"bwg-item\">        <a class=\"bwg-a  bwg_lightbox\"  data-image-id=\"1543\" href=\"https:\/\/www.vehiculesanciens-airbuspalays.fr\/wp-content\/uploads\/photo-gallery\/2020-02-25_Avanc\u00e9es_trains\/thumbnail_25_02_2020_3.jpg?bwg=1583058125\" data-elementor-open-lightbox=\"no\">                <div class=\"bwg-item0  lazy_loader \">          <div class=\"bwg-item1 \">            <div class=\"bwg-item2\">              <img decoding=\"async\" class=\"skip-lazy bwg_standart_thumb_img_0  bwg_lazyload \"                   data-id=\"1543\"                   data-width=\"1024\"                   data-height=\"498\"                   data-src=\"https:\/\/www.vehiculesanciens-airbuspalays.fr\/wp-content\/uploads\/photo-gallery\/2020-02-25_Avanc\u00e9es_trains\/thumb\/thumbnail_25_02_2020_3.jpg?bwg=1583058125\"                   src=\"https:\/\/www.vehiculesanciens-airbuspalays.fr\/wp-content\/plugins\/photo-gallery\/images\/lazy_placeholder.gif\"                   alt=\"thumbnail 25 02 2020 3\"                   title=\"thumbnail 25 02 2020 3\" \/>            <\/div>            <div class=\"\">                                                      <\/div>          <\/div>        <\/div>                        <\/a>              <\/div>            <div class=\"bwg-item\">        <a class=\"bwg-a  bwg_lightbox\"  data-image-id=\"1544\" href=\"https:\/\/www.vehiculesanciens-airbuspalays.fr\/wp-content\/uploads\/photo-gallery\/2020-02-25_Avanc\u00e9es_trains\/thumbnail_25_02_2020_2.jpg?bwg=1583058125\" data-elementor-open-lightbox=\"no\">                <div class=\"bwg-item0  lazy_loader \">          <div class=\"bwg-item1 \">            <div class=\"bwg-item2\">              <img decoding=\"async\" class=\"skip-lazy bwg_standart_thumb_img_0  bwg_lazyload \"                   data-id=\"1544\"                   data-width=\"1024\"                   data-height=\"498\"                   data-src=\"https:\/\/www.vehiculesanciens-airbuspalays.fr\/wp-content\/uploads\/photo-gallery\/2020-02-25_Avanc\u00e9es_trains\/thumb\/thumbnail_25_02_2020_2.jpg?bwg=1583058125\"                   src=\"https:\/\/www.vehiculesanciens-airbuspalays.fr\/wp-content\/plugins\/photo-gallery\/images\/lazy_placeholder.gif\"                   alt=\"thumbnail 25 02 2020 2\"                   title=\"thumbnail 25 02 2020 2\" \/>            <\/div>            <div class=\"\">                                                      <\/div>          <\/div>        <\/div>                        <\/a>              <\/div>            <div class=\"bwg-item\">        <a class=\"bwg-a  bwg_lightbox\"  data-image-id=\"1545\" href=\"https:\/\/www.vehiculesanciens-airbuspalays.fr\/wp-content\/uploads\/photo-gallery\/2020-02-25_Avanc\u00e9es_trains\/thumbnail_25_02_2020_9.jpg?bwg=1583058125\" data-elementor-open-lightbox=\"no\">                <div class=\"bwg-item0  lazy_loader \">          <div class=\"bwg-item1 \">            <div class=\"bwg-item2\">              <img decoding=\"async\" class=\"skip-lazy bwg_standart_thumb_img_0  bwg_lazyload \"                   data-id=\"1545\"                   data-width=\"1024\"                   data-height=\"498\"                   data-src=\"https:\/\/www.vehiculesanciens-airbuspalays.fr\/wp-content\/uploads\/photo-gallery\/2020-02-25_Avanc\u00e9es_trains\/thumb\/thumbnail_25_02_2020_9.jpg?bwg=1583058125\"                   src=\"https:\/\/www.vehiculesanciens-airbuspalays.fr\/wp-content\/plugins\/photo-gallery\/images\/lazy_placeholder.gif\"                   alt=\"thumbnail 25 02 2020 9\"                   title=\"thumbnail 25 02 2020 9\" \/>            <\/div>            <div class=\"\">                                                      <\/div>          <\/div>        <\/div>                        <\/a>              <\/div>            <div class=\"bwg-item\">        <a class=\"bwg-a  bwg_lightbox\"  data-image-id=\"1546\" href=\"https:\/\/www.vehiculesanciens-airbuspalays.fr\/wp-content\/uploads\/photo-gallery\/2020-02-25_Avanc\u00e9es_trains\/thumbnail_25_02_2020_4.jpg?bwg=1583058125\" data-elementor-open-lightbox=\"no\">                <div class=\"bwg-item0  lazy_loader \">          <div class=\"bwg-item1 \">            <div class=\"bwg-item2\">              <img decoding=\"async\" class=\"skip-lazy bwg_standart_thumb_img_0  bwg_lazyload \"                   data-id=\"1546\"                   data-width=\"1024\"                   data-height=\"498\"                   data-src=\"https:\/\/www.vehiculesanciens-airbuspalays.fr\/wp-content\/uploads\/photo-gallery\/2020-02-25_Avanc\u00e9es_trains\/thumb\/thumbnail_25_02_2020_4.jpg?bwg=1583058125\"                   src=\"https:\/\/www.vehiculesanciens-airbuspalays.fr\/wp-content\/plugins\/photo-gallery\/images\/lazy_placeholder.gif\"                   alt=\"thumbnail 25 02 2020 4\"                   title=\"thumbnail 25 02 2020 4\" \/>            <\/div>            <div class=\"\">                                                      <\/div>          <\/div>        <\/div>                        <\/a>              <\/div>            <div class=\"bwg-item\">        <a class=\"bwg-a  bwg_lightbox\"  data-image-id=\"1547\" href=\"https:\/\/www.vehiculesanciens-airbuspalays.fr\/wp-content\/uploads\/photo-gallery\/2020-02-25_Avanc\u00e9es_trains\/thumbnail_25_02_2020_8.jpg?bwg=1583058125\" data-elementor-open-lightbox=\"no\">                <div class=\"bwg-item0  lazy_loader \">          <div class=\"bwg-item1 \">            <div class=\"bwg-item2\">              <img decoding=\"async\" class=\"skip-lazy bwg_standart_thumb_img_0  bwg_lazyload \"                   data-id=\"1547\"                   data-width=\"1024\"                   data-height=\"498\"                   data-src=\"https:\/\/www.vehiculesanciens-airbuspalays.fr\/wp-content\/uploads\/photo-gallery\/2020-02-25_Avanc\u00e9es_trains\/thumb\/thumbnail_25_02_2020_8.jpg?bwg=1583058125\"                   src=\"https:\/\/www.vehiculesanciens-airbuspalays.fr\/wp-content\/plugins\/photo-gallery\/images\/lazy_placeholder.gif\"                   alt=\"thumbnail 25 02 2020 8\"                   title=\"thumbnail 25 02 2020 8\" \/>            <\/div>            <div class=\"\">                                                      <\/div>          <\/div>        <\/div>                        <\/a>              <\/div>            <div class=\"bwg-item\">        <a class=\"bwg-a  bwg_lightbox\"  data-image-id=\"1548\" href=\"https:\/\/www.vehiculesanciens-airbuspalays.fr\/wp-content\/uploads\/photo-gallery\/2020-02-25_Avanc\u00e9es_trains\/thumbnail_25_02_2020_11.jpg?bwg=1583058125\" data-elementor-open-lightbox=\"no\">                <div class=\"bwg-item0  lazy_loader \">          <div class=\"bwg-item1 \">            <div class=\"bwg-item2\">              <img decoding=\"async\" class=\"skip-lazy bwg_standart_thumb_img_0  bwg_lazyload \"                   data-id=\"1548\"                   data-width=\"1024\"                   data-height=\"2106\"                   data-src=\"https:\/\/www.vehiculesanciens-airbuspalays.fr\/wp-content\/uploads\/photo-gallery\/2020-02-25_Avanc\u00e9es_trains\/thumb\/thumbnail_25_02_2020_11.jpg?bwg=1583058125\"                   src=\"https:\/\/www.vehiculesanciens-airbuspalays.fr\/wp-content\/plugins\/photo-gallery\/images\/lazy_placeholder.gif\"                   alt=\"thumbnail 25 02 2020 11\"                   title=\"thumbnail 25 02 2020 11\" \/>            <\/div>            <div class=\"\">                                                      <\/div>          <\/div>        <\/div>                        <\/a>              <\/div>            <div class=\"bwg-item\">        <a class=\"bwg-a  bwg_lightbox\"  data-image-id=\"1549\" href=\"https:\/\/www.vehiculesanciens-airbuspalays.fr\/wp-content\/uploads\/photo-gallery\/2020-02-25_Avanc\u00e9es_trains\/thumbnail_25_02_2020_5.jpg?bwg=1583058125\" data-elementor-open-lightbox=\"no\">                <div class=\"bwg-item0  lazy_loader \">          <div class=\"bwg-item1 \">            <div class=\"bwg-item2\">              <img decoding=\"async\" class=\"skip-lazy bwg_standart_thumb_img_0  bwg_lazyload \"                   data-id=\"1549\"                   data-width=\"1024\"                   data-height=\"2106\"                   data-src=\"https:\/\/www.vehiculesanciens-airbuspalays.fr\/wp-content\/uploads\/photo-gallery\/2020-02-25_Avanc\u00e9es_trains\/thumb\/thumbnail_25_02_2020_5.jpg?bwg=1583058125\"                   src=\"https:\/\/www.vehiculesanciens-airbuspalays.fr\/wp-content\/plugins\/photo-gallery\/images\/lazy_placeholder.gif\"                   alt=\"thumbnail 25 02 2020 5\"                   title=\"thumbnail 25 02 2020 5\" \/>            <\/div>            <div class=\"\">                                                      <\/div>          <\/div>        <\/div>                        <\/a>              <\/div>            <div class=\"bwg-item\">        <a class=\"bwg-a  bwg_lightbox\"  data-image-id=\"1550\" href=\"https:\/\/www.vehiculesanciens-airbuspalays.fr\/wp-content\/uploads\/photo-gallery\/2020-02-25_Avanc\u00e9es_trains\/thumbnail_25_02_2020_6.jpg?bwg=1583058125\" data-elementor-open-lightbox=\"no\">                <div class=\"bwg-item0  lazy_loader \">          <div class=\"bwg-item1 \">            <div class=\"bwg-item2\">              <img decoding=\"async\" class=\"skip-lazy bwg_standart_thumb_img_0  bwg_lazyload \"                   data-id=\"1550\"                   data-width=\"1024\"                   data-height=\"2106\"                   data-src=\"https:\/\/www.vehiculesanciens-airbuspalays.fr\/wp-content\/uploads\/photo-gallery\/2020-02-25_Avanc\u00e9es_trains\/thumb\/thumbnail_25_02_2020_6.jpg?bwg=1583058125\"                   src=\"https:\/\/www.vehiculesanciens-airbuspalays.fr\/wp-content\/plugins\/photo-gallery\/images\/lazy_placeholder.gif\"                   alt=\"thumbnail 25 02 2020 6\"                   title=\"thumbnail 25 02 2020 6\" \/>            <\/div>            <div class=\"\">                                                      <\/div>          <\/div>        <\/div>                        <\/a>              <\/div>            <div class=\"bwg-item\">        <a class=\"bwg-a  bwg_lightbox\"  data-image-id=\"1551\" href=\"https:\/\/www.vehiculesanciens-airbuspalays.fr\/wp-content\/uploads\/photo-gallery\/2020-02-25_Avanc\u00e9es_trains\/thumbnail_25_02_2020_10.jpg?bwg=1583058125\" data-elementor-open-lightbox=\"no\">                <div class=\"bwg-item0  lazy_loader \">          <div class=\"bwg-item1 \">            <div class=\"bwg-item2\">              <img decoding=\"async\" class=\"skip-lazy bwg_standart_thumb_img_0  bwg_lazyload \"                   data-id=\"1551\"                   data-width=\"1024\"                   data-height=\"498\"                   data-src=\"https:\/\/www.vehiculesanciens-airbuspalays.fr\/wp-content\/uploads\/photo-gallery\/2020-02-25_Avanc\u00e9es_trains\/thumb\/thumbnail_25_02_2020_10.jpg?bwg=1583058125\"                   src=\"https:\/\/www.vehiculesanciens-airbuspalays.fr\/wp-content\/plugins\/photo-gallery\/images\/lazy_placeholder.gif\"                   alt=\"thumbnail 25 02 2020 10\"                   title=\"thumbnail 25 02 2020 10\" \/>            <\/div>            <div class=\"\">                                                      <\/div>          <\/div>        <\/div>                        <\/a>              <\/div>          <\/div>    <style>      \/*pagination styles*\/      #bwg_container1_0 #bwg_container2_0 .tablenav-pages_0 {\t\t\t\ttext-align: center;\t\t\t\tfont-size: 12px;\t\t\t\tfont-family: segoe ui;\t\t\t\tfont-weight: bold;\t\t\t\tcolor: #666666;\t\t\t\tmargin: 6px 0 4px;\t\t\t\tdisplay: block;      }      @media only screen and (max-width : 320px) {      #bwg_container1_0 #bwg_container2_0 .displaying-num_0 {     \t display: none;      }      }      #bwg_container1_0 #bwg_container2_0 .displaying-num_0 {\t\t\t\tfont-size: 12px;\t\t\t\tfont-family: segoe ui;\t\t\t\tfont-weight: bold;\t\t\t\tcolor: #666666;\t\t\t\tmargin-right: 10px;\t\t\t\tvertical-align: middle;      }      #bwg_container1_0 #bwg_container2_0 .paging-input_0 {\t\t\t\tfont-size: 12px;\t\t\t\tfont-family: segoe ui;\t\t\t\tfont-weight: bold;\t\t\t\tcolor: #666666;\t\t\t\tvertical-align: middle;      }      #bwg_container1_0 #bwg_container2_0 .tablenav-pages_0 a.disabled,      #bwg_container1_0 #bwg_container2_0 .tablenav-pages_0 a.disabled:hover,      #bwg_container1_0 #bwg_container2_0 .tablenav-pages_0 a.disabled:focus,\t\t\t#bwg_container1_0 #bwg_container2_0 .tablenav-pages_0 input.bwg_current_page {\t\t\t\tcursor: default;\t\t\t\tcolor: rgba(102, 102, 102, 0.5);      }      #bwg_container1_0 #bwg_container2_0 .tablenav-pages_0 a,      #bwg_container1_0 #bwg_container2_0 .tablenav-pages_0 input.bwg_current_page {\t\t\t\tcursor: pointer;\t\t\t\ttext-align: center;\t\t\t\tfont-size: 12px;\t\t\t\tfont-family: segoe ui;\t\t\t\tfont-weight: bold;\t\t\t\tcolor: #666666;\t\t\t\ttext-decoration: none;\t\t\t\tpadding: 3px 6px;\t\t\t\tmargin: 0;\t\t\t\tborder-radius: 0;\t\t\t\tborder-style: solid;\t\t\t\tborder-width: 1px;\t\t\t\tborder-color: #E3E3E3;\t\t\t\t\t\t\t\tbackground-color: rgba(255, 255, 255, 1.00);\t\t\t\tbox-shadow: 0;\t\t\t\ttransition: all 0.3s ease 0s;-webkit-transition: all 0.3s ease 0s;      }      <\/style>      <span class=\"bwg_nav_cont_0\">              <div class=\"tablenav-pages_0\">                  <\/div>                <input type=\"hidden\" id=\"page_number_0\" name=\"page_number_0\" value=\"1\" \/>      <script type=\"text\/javascript\">        if( jQuery('.bwg_nav_cont_0').length > 1 ) {          jQuery('.bwg_nav_cont_0').first().remove()        }        function spider_page_0(cur, x, y, load_more) {          if (typeof load_more == \"undefined\") {            var load_more = false;          }          if (jQuery(cur).hasClass('disabled')) {            return false;          }          var items_county_0 = 1;          switch (y) {            case 1:              if (x >= items_county_0) {                document.getElementById('page_number_0').value = items_county_0;              }              else {                document.getElementById('page_number_0').value = x + 1;              }              break;            case 2:              document.getElementById('page_number_0').value = items_county_0;              break;            case -1:              if (x == 1) {                document.getElementById('page_number_0').value = 1;              }              else {                document.getElementById('page_number_0').value = x - 1;              }              break;            case -2:              document.getElementById('page_number_0').value = 1;              break;\t\t\t\t\t\tcase 0:              document.getElementById('page_number_0').value = x;              break;            default:              document.getElementById('page_number_0').value = 1;          }          bwg_ajax('gal_front_form_0', '0', 'bwg_thumbnails_0', '0', '', 'gallery', 0, '', '', load_more, '', 1);        }                    jQuery('.first-page-0').on('click', function () {              spider_page_0(this, 1, -2, 'numeric');              return false;            });            jQuery('.prev-page-0').on('click', function () {              spider_page_0(this, 1, -1, 'numeric');              return false;            });            jQuery('.next-page-0').on('click', function () {              spider_page_0(this, 1, 1, 'numeric');              return false;            });            jQuery('.last-page-0').on('click', function () {              spider_page_0(this, 1, 2, 'numeric');              return false;            });        \t\t\t\t\/* Change page on input enter. *\/        function bwg_change_page_0( e, that ) {          if (  e.key == 'Enter' ) {            var to_page = parseInt(jQuery(that).val());            var pages_count = jQuery(that).parents(\".pagination-links\").data(\"pages-count\");            var current_url_param = jQuery(that).attr('data-url-info');            if (to_page > pages_count) {              to_page = 1;            }\t \t\t\t\t\t\t\t\t\t\t\t\tspider_page_0(this, to_page, 0, 'numeric');\t\t\t\t\t\t\treturn false;\t\t\t\t\t\t          }          return true;        }        jQuery('.bwg_load_btn_0').on('click', function () {            spider_page_0(this, 1, 1, true);            return false;        });      <\/script>      <\/span>                <\/div>        <\/form>        <style>          #bwg_container1_0 #bwg_container2_0 #spider_popup_overlay_0 {          background-color: #000000;          opacity: 0.70;          }          <\/style>        <div id=\"bwg_spider_popup_loading_0\" class=\"bwg_spider_popup_loading\"><\/div>        <div id=\"spider_popup_overlay_0\" class=\"spider_popup_overlay\" onclick=\"spider_destroypopup(1000)\"><\/div>        <input type=\"hidden\" id=\"bwg_random_seed_0\" value=\"854755888\">                <\/div>    <\/div>    <script>      if (document.readyState === 'complete') {        if( typeof bwg_main_ready == 'function' ) {          if ( jQuery(\"#bwg_container1_0\").height() ) {            bwg_main_ready(jQuery(\"#bwg_container1_0\"));          }        }      } else {        document.addEventListener('DOMContentLoaded', function() {          if( typeof bwg_main_ready == 'function' ) {            if ( jQuery(\"#bwg_container1_0\").height() ) {             bwg_main_ready(jQuery(\"#bwg_container1_0\"));            }          }        });      }    <\/script>    \n","protected":false},"excerpt":{"rendered":"<p>Bonjour, quelques notes de l\u2019atelier de mardi midi&nbsp;:&nbsp;Pr\u00e9sents&nbsp;: Fran\u00e7ois + Ted&nbsp; Capot arri\u00e8re&nbsp;: j\u2019ai d\u00e9pos\u00e9 les poids du capot coll\u00e9 au raidisseur samedi apr\u00e8m et au bout de quelques secondes, le raidisseur s\u2019est s\u00e9par\u00e9 de la colle&nbsp;\u2639&nbsp;&nbsp;Peut-\u00eatre il existe une <a class=\"more-link\" href=\"https:\/\/www.vehiculesanciens-airbuspalays.fr\/?p=2397\">Continuer la lecture <span class=\"screen-reader-text\">  25 f\u00e9vrier 2020 &#8211; Matra530 &#8211; Avanc\u00e9es trains\/freins\/roues\/direction<\/span><span class=\"meta-nav\">&rarr;<\/span><\/a><\/p>\n","protected":false},"author":1,"featured_media":2400,"comment_status":"open","ping_status":"open","sticky":false,"template":"","format":"standard","meta":{"footnotes":""},"categories":[44,8],"tags":[57],"class_list":["post-2397","post","type-post","status-publish","format-standard","has-post-thumbnail","hentry","category-projets-collectifs","category-renovation-collective-dune-matra","tag-matra-530"],"publishpress_future_action":{"enabled":false,"date":"2026-05-08 06:22:49","action":"change-status","newStatus":"draft","terms":[],"taxonomy":"category","extraData":[]},"publishpress_future_workflow_manual_trigger":{"enabledWorkflows":[]},"_links":{"self":[{"href":"https:\/\/www.vehiculesanciens-airbuspalays.fr\/index.php?rest_route=\/wp\/v2\/posts\/2397","targetHints":{"allow":["GET"]}}],"collection":[{"href":"https:\/\/www.vehiculesanciens-airbuspalays.fr\/index.php?rest_route=\/wp\/v2\/posts"}],"about":[{"href":"https:\/\/www.vehiculesanciens-airbuspalays.fr\/index.php?rest_route=\/wp\/v2\/types\/post"}],"author":[{"embeddable":true,"href":"https:\/\/www.vehiculesanciens-airbuspalays.fr\/index.php?rest_route=\/wp\/v2\/users\/1"}],"replies":[{"embeddable":true,"href":"https:\/\/www.vehiculesanciens-airbuspalays.fr\/index.php?rest_route=%2Fwp%2Fv2%2Fcomments&post=2397"}],"version-history":[{"count":1,"href":"https:\/\/www.vehiculesanciens-airbuspalays.fr\/index.php?rest_route=\/wp\/v2\/posts\/2397\/revisions"}],"predecessor-version":[{"id":2399,"href":"https:\/\/www.vehiculesanciens-airbuspalays.fr\/index.php?rest_route=\/wp\/v2\/posts\/2397\/revisions\/2399"}],"wp:featuredmedia":[{"embeddable":true,"href":"https:\/\/www.vehiculesanciens-airbuspalays.fr\/index.php?rest_route=\/wp\/v2\/media\/2400"}],"wp:attachment":[{"href":"https:\/\/www.vehiculesanciens-airbuspalays.fr\/index.php?rest_route=%2Fwp%2Fv2%2Fmedia&parent=2397"}],"wp:term":[{"taxonomy":"category","embeddable":true,"href":"https:\/\/www.vehiculesanciens-airbuspalays.fr\/index.php?rest_route=%2Fwp%2Fv2%2Fcategories&post=2397"},{"taxonomy":"post_tag","embeddable":true,"href":"https:\/\/www.vehiculesanciens-airbuspalays.fr\/index.php?rest_route=%2Fwp%2Fv2%2Ftags&post=2397"}],"curies":[{"name":"wp","href":"https:\/\/api.w.org\/{rel}","templated":true}]}}