{"id":2378,"date":"2020-02-22T10:54:06","date_gmt":"2020-02-22T09:54:06","guid":{"rendered":"https:\/\/www.vehiculesanciens-airbuspalays.fr\/?p=2378"},"modified":"2020-03-01T11:25:08","modified_gmt":"2020-03-01T10:25:08","slug":"1617-decembre-2019-matra530-avancees-moteur-3-2-2-2-2-2-2","status":"publish","type":"post","link":"https:\/\/www.vehiculesanciens-airbuspalays.fr\/?p=2378","title":{"rendered":"22 f\u00e9vrier 2020 &#8211; Matra530 &#8211; Avanc\u00e9es \u00e9lectricit\u00e9 \/ chassis"},"content":{"rendered":"\n<p><em>Bonjour \u00e0 tous,<\/em><\/p>\n\n\n\n<p>Nous \u00e9tions une bonne douzaine&nbsp; lors de l\u2019atelier du Samedi 22 f\u00e9vrier&nbsp;; ce qui montre que l\u2019atelier du samedi matin commence a tr\u00e8s bien Fonctionner&nbsp;!<\/p>\n\n\n\n<p>En absence de Bernard et Ted, je vais tenter de faire le Cr de cette matin\u00e9e mais je vais surtout vous faire le Compte-rendu du premier atelier Ch\u00e2ssis&nbsp; que vous trouvez en annexe.<\/p>\n\n\n\n<p>N\u2019h\u00e9sitez pas a venir le samedi matin et \u00e0 \u00ab&nbsp;recruter&nbsp;\u00bb d\u2019autres personnes&nbsp;!<\/p>\n\n\n\n<p>A Bient\u00f4t<\/p>\n\n\n\n<p>G\u00e9rard&nbsp; Cassette<\/p>\n\n\n\n<p>Votre Vice-Pr\u00e9sident.<\/p>\n\n\n\n<p>Tel&nbsp;: 06.95.64.88.13<\/p>\n\n\n\n<figure class=\"wp-block-image\"><a href=\"https:\/\/www.vehiculesanciens-airbuspalays.fr\/wp-content\/uploads\/2020\/03\/Cr_Atelier__Chassis__18-02-2020.pdf\"><img loading=\"lazy\" decoding=\"async\" width=\"60\" height=\"59\" src=\"https:\/\/www.vehiculesanciens-airbuspalays.fr\/wp-content\/uploads\/2018\/02\/pdf-icon.png\" alt=\"\" class=\"wp-image-607\"\/><\/a><\/figure>\n\n\n\n<figure class=\"wp-block-image size-large\"><img loading=\"lazy\" decoding=\"async\" width=\"1024\" height=\"356\" src=\"https:\/\/www.vehiculesanciens-airbuspalays.fr\/wp-content\/uploads\/2020\/03\/Cr_Atelier__Chassis__18-02-2020-1024x356.png\" alt=\"\" class=\"wp-image-2379\" srcset=\"https:\/\/www.vehiculesanciens-airbuspalays.fr\/wp-content\/uploads\/2020\/03\/Cr_Atelier__Chassis__18-02-2020-1024x356.png 1024w, https:\/\/www.vehiculesanciens-airbuspalays.fr\/wp-content\/uploads\/2020\/03\/Cr_Atelier__Chassis__18-02-2020-300x104.png 300w, https:\/\/www.vehiculesanciens-airbuspalays.fr\/wp-content\/uploads\/2020\/03\/Cr_Atelier__Chassis__18-02-2020-768x267.png 768w, https:\/\/www.vehiculesanciens-airbuspalays.fr\/wp-content\/uploads\/2020\/03\/Cr_Atelier__Chassis__18-02-2020-1536x533.png 1536w, https:\/\/www.vehiculesanciens-airbuspalays.fr\/wp-content\/uploads\/2020\/03\/Cr_Atelier__Chassis__18-02-2020.png 1636w\" sizes=\"auto, (max-width: 1024px) 100vw, 1024px\" \/><\/figure>\n","protected":false},"excerpt":{"rendered":"<p>Bonjour \u00e0 tous, Nous \u00e9tions une bonne douzaine&nbsp; lors de l\u2019atelier du Samedi 22 f\u00e9vrier&nbsp;; ce qui montre que l\u2019atelier du samedi matin commence a tr\u00e8s bien Fonctionner&nbsp;! En absence de Bernard et Ted, je vais tenter de faire le <a class=\"more-link\" href=\"https:\/\/www.vehiculesanciens-airbuspalays.fr\/?p=2378\">Continuer la lecture <span class=\"screen-reader-text\">  22 f\u00e9vrier 2020 &#8211; Matra530 &#8211; Avanc\u00e9es \u00e9lectricit\u00e9 \/ chassis<\/span><span class=\"meta-nav\">&rarr;<\/span><\/a><\/p>\n","protected":false},"author":1,"featured_media":2379,"comment_status":"open","ping_status":"open","sticky":false,"template":"","format":"standard","meta":{"footnotes":""},"categories":[44,8],"tags":[57],"class_list":["post-2378","post","type-post","status-publish","format-standard","has-post-thumbnail","hentry","category-projets-collectifs","category-renovation-collective-dune-matra","tag-matra-530"],"publishpress_future_action":{"enabled":false,"date":"2026-05-08 13:25:21","action":"change-status","newStatus":"draft","terms":[],"taxonomy":"category","extraData":[]},"publishpress_future_workflow_manual_trigger":{"enabledWorkflows":[]},"_links":{"self":[{"href":"https:\/\/www.vehiculesanciens-airbuspalays.fr\/index.php?rest_route=\/wp\/v2\/posts\/2378","targetHints":{"allow":["GET"]}}],"collection":[{"href":"https:\/\/www.vehiculesanciens-airbuspalays.fr\/index.php?rest_route=\/wp\/v2\/posts"}],"about":[{"href":"https:\/\/www.vehiculesanciens-airbuspalays.fr\/index.php?rest_route=\/wp\/v2\/types\/post"}],"author":[{"embeddable":true,"href":"https:\/\/www.vehiculesanciens-airbuspalays.fr\/index.php?rest_route=\/wp\/v2\/users\/1"}],"replies":[{"embeddable":true,"href":"https:\/\/www.vehiculesanciens-airbuspalays.fr\/index.php?rest_route=%2Fwp%2Fv2%2Fcomments&post=2378"}],"version-history":[{"count":3,"href":"https:\/\/www.vehiculesanciens-airbuspalays.fr\/index.php?rest_route=\/wp\/v2\/posts\/2378\/revisions"}],"predecessor-version":[{"id":2383,"href":"https:\/\/www.vehiculesanciens-airbuspalays.fr\/index.php?rest_route=\/wp\/v2\/posts\/2378\/revisions\/2383"}],"wp:featuredmedia":[{"embeddable":true,"href":"https:\/\/www.vehiculesanciens-airbuspalays.fr\/index.php?rest_route=\/wp\/v2\/media\/2379"}],"wp:attachment":[{"href":"https:\/\/www.vehiculesanciens-airbuspalays.fr\/index.php?rest_route=%2Fwp%2Fv2%2Fmedia&parent=2378"}],"wp:term":[{"taxonomy":"category","embeddable":true,"href":"https:\/\/www.vehiculesanciens-airbuspalays.fr\/index.php?rest_route=%2Fwp%2Fv2%2Fcategories&post=2378"},{"taxonomy":"post_tag","embeddable":true,"href":"https:\/\/www.vehiculesanciens-airbuspalays.fr\/index.php?rest_route=%2Fwp%2Fv2%2Ftags&post=2378"}],"curies":[{"name":"wp","href":"https:\/\/api.w.org\/{rel}","templated":true}]}}