{"id":2327,"date":"2020-02-06T10:43:32","date_gmt":"2020-02-06T09:43:32","guid":{"rendered":"https:\/\/www.vehiculesanciens-airbuspalays.fr\/?p=2327"},"modified":"2020-03-01T11:25:30","modified_gmt":"2020-03-01T10:25:30","slug":"17-decembre-2019-matra530-avancees-freins-direction-2-2","status":"publish","type":"post","link":"https:\/\/www.vehiculesanciens-airbuspalays.fr\/?p=2327","title":{"rendered":"06 f\u00e9vrier 2020 &#8211; Matra530 &#8211; Avanc\u00e9es trains\/freins\/roues\/direction"},"content":{"rendered":"\n<p>Bonjour, et merci \u00e0 Christophe de son aide aujourd\u2019hui (+ passage \u00e9clair de Blaise qui a une autre Ami (8) avec qui partager ses affections !! )<\/p>\n\n\n\n<p>On a nettoy\u00e9 des \u00e9l\u00e9ments des trains, voir photos jointes<br>\nun cardan, dont R\u00e9mi m\u2019a signal\u00e9 mardi soir qu\u2019une bague en feutre avait \u00e9t\u00e9 d\u00e9chir\u00e9 \/ d\u00e9truite, et<br>\nun moyeu avant, dont une bague \/ couvercle de protection endommag\u00e9 (2 photos), \u00e0 voir si retrouvable \/ r\u00e9cup\u00e9rable<\/p>\n\n\n\n<p>Ces \u00e9l\u00e9ments avaient d\u00e9j\u00e0 \u00e9t\u00e9 regard\u00e9 macroscopiquement pendant les phases de d\u00e9montage et aucune anomalie importante identifi\u00e9.  On est dans la phase maintenant de nettoyage fin puis r\u00e9assemblage des sous-ensembles en pr\u00e9paration de l\u2019assemblage de la voiture.<\/p>\n\n\n\n<p>Cdlt, Ted<\/p>\n\n\n\n<style id=\"bwg-style-0\">    #bwg_container1_0 #bwg_container2_0 .bwg-container-0.bwg-standard-thumbnails {      width: 1264px;              justify-content: center;        margin:0 auto !important;              background-color: rgba(255, 255, 255, 0.00);            padding-left: 4px;      padding-top: 4px;      max-width: 100%;            }        #bwg_container1_0 #bwg_container2_0 .bwg-container-0.bwg-standard-thumbnails .bwg-item {    justify-content: flex-start;      max-width: 252px;            width: 252px !important;          }    #bwg_container1_0 #bwg_container2_0 .bwg-container-0.bwg-standard-thumbnails .bwg-item a {       margin-right: 4px;       margin-bottom: 4px;    }    #bwg_container1_0 #bwg_container2_0 .bwg-container-0.bwg-standard-thumbnails .bwg-item0 {      padding: 0px;            background-color:rgba(255,255,255, 0.30);      border: 0px none #CCCCCC;      opacity: 1.00;      border-radius: 0;      box-shadow: 0px 0px 0px #888888;    }    #bwg_container1_0 #bwg_container2_0 .bwg-container-0.bwg-standard-thumbnails .bwg-item1 img {      max-height: none;      max-width: none;      padding: 0 !important;    }        @media only screen and (min-width: 480px) {      #bwg_container1_0 #bwg_container2_0 .bwg-container-0.bwg-standard-thumbnails .bwg-item0 {        transition: all 0.3s ease 0s;-webkit-transition: all 0.3s ease 0s;      }      #bwg_container1_0 #bwg_container2_0 .bwg-container-0.bwg-standard-thumbnails .bwg-item0:hover {        -ms-transform: scale(1.1);        -webkit-transform: scale(1.1);        transform: scale(1.1);      }    }          #bwg_container1_0 #bwg_container2_0 .bwg-container-0.bwg-standard-thumbnails .bwg-item1 {      padding-top: 63.492063492063%;    }        #bwg_container1_0 #bwg_container2_0 .bwg-container-0.bwg-standard-thumbnails .bwg-title2,    #bwg_container1_0 #bwg_container2_0 .bwg-container-0.bwg-standard-thumbnails .bwg-ecommerce2 {      color: #CCCCCC;      font-family: segoe ui;      font-size: 16px;      font-weight: bold;      padding: 2px;      text-shadow: 0px 0px 0px #888888;      max-height: 100%;    }    #bwg_container1_0 #bwg_container2_0 .bwg-container-0.bwg-standard-thumbnails .bwg-thumb-description span {    color: #323A45;    font-family: Ubuntu;    font-size: 12px;    max-height: 100%;    word-wrap: break-word;    }    #bwg_container1_0 #bwg_container2_0 .bwg-container-0.bwg-standard-thumbnails .bwg-play-icon2 {      font-size: 32px;    }    #bwg_container1_0 #bwg_container2_0 .bwg-container-0.bwg-standard-thumbnails .bwg-ecommerce2 {      font-size: 19.2px;      color: #CCCCCC;    }    <\/style>    <div id=\"bwg_container1_0\"         class=\"bwg_container bwg_thumbnail bwg_thumbnails \"         data-right-click-protection=\"0\"         data-bwg=\"0\"         data-scroll=\"0\"         data-gallery-type=\"thumbnails\"         data-gallery-view-type=\"thumbnails\"         data-current-url=\"\/index.php?rest_route=%2Fwp%2Fv2%2Fposts%2F2327\"         data-lightbox-url=\"https:\/\/www.vehiculesanciens-airbuspalays.fr\/wp-admin\/admin-ajax.php?action=GalleryBox&#038;current_view=0&#038;gallery_id=55&#038;tag=0&#038;theme_id=1&#038;shortcode_id=120&#038;sort_by=date&#038;order_by=asc&#038;current_url=%2Findex.php%3Frest_route%3D%252Fwp%252Fv2%252Fposts%252F2327\"         data-gallery-id=\"55\"         data-popup-width=\"800\"         data-popup-height=\"500\"         data-is-album=\"gallery\"         data-buttons-position=\"bottom\">      <div id=\"bwg_container2_0\">             <div id=\"ajax_loading_0\" class=\"bwg_loading_div_1\">      <div class=\"bwg_loading_div_2\">        <div class=\"bwg_loading_div_3\">          <div id=\"loading_div_0\" class=\"bwg_spider_ajax_loading\">          <\/div>        <\/div>      <\/div>    <\/div>            <form id=\"gal_front_form_0\"              class=\"bwg-hidden\"              method=\"post\"              action=\"#\"              data-current=\"0\"              data-shortcode-id=\"120\"              data-gallery-type=\"thumbnails\"              data-gallery-id=\"55\"              data-tag=\"0\"              data-album-id=\"0\"              data-theme-id=\"1\"              data-ajax-url=\"https:\/\/www.vehiculesanciens-airbuspalays.fr\/wp-admin\/admin-ajax.php?action=bwg_frontend_data\">          <div id=\"bwg_container3_0\" class=\"bwg-background bwg-background-0\">                <div data-max-count=\"5\"         data-thumbnail-width=\"252\"         data-bwg=\"0\"         data-gallery-id=\"55\"         data-lightbox-url=\"https:\/\/www.vehiculesanciens-airbuspalays.fr\/wp-admin\/admin-ajax.php?action=GalleryBox&amp;current_view=0&amp;gallery_id=55&amp;tag=0&amp;theme_id=1&amp;shortcode_id=120&amp;sort_by=date&amp;order_by=asc&amp;current_url=%2Findex.php%3Frest_route%3D%252Fwp%252Fv2%252Fposts%252F2327\"         id=\"bwg_thumbnails_0\"         class=\"bwg-container-0 bwg-thumbnails bwg-standard-thumbnails bwg-container bwg-border-box\">            <div class=\"bwg-item\">        <a class=\"bwg-a  bwg_lightbox\"  data-image-id=\"1504\" href=\"https:\/\/www.vehiculesanciens-airbuspalays.fr\/wp-content\/uploads\/photo-gallery\/2020-02-06_-_Matra530_-_Avanc\u00e9es_trainsfreinsrouesdirection\/thumbnail_(5).jpg?bwg=1581241380\" data-elementor-open-lightbox=\"no\">                <div class=\"bwg-item0  lazy_loader \">          <div class=\"bwg-item1 \">            <div class=\"bwg-item2\">              <img decoding=\"async\" class=\"skip-lazy bwg_standart_thumb_img_0  bwg_lazyload \"                   data-id=\"1504\"                   data-width=\"1024\"                   data-height=\"498\"                   data-src=\"https:\/\/www.vehiculesanciens-airbuspalays.fr\/wp-content\/uploads\/photo-gallery\/2020-02-06_-_Matra530_-_Avanc\u00e9es_trainsfreinsrouesdirection\/thumb\/thumbnail_(5).jpg?bwg=1581241380\"                   src=\"https:\/\/www.vehiculesanciens-airbuspalays.fr\/wp-content\/plugins\/photo-gallery\/images\/lazy_placeholder.gif\"                   alt=\"thumbnail (5)\"                   title=\"thumbnail (5)\" \/>            <\/div>            <div class=\"\">                                                      <\/div>          <\/div>        <\/div>                        <\/a>              <\/div>            <div class=\"bwg-item\">        <a class=\"bwg-a  bwg_lightbox\"  data-image-id=\"1505\" href=\"https:\/\/www.vehiculesanciens-airbuspalays.fr\/wp-content\/uploads\/photo-gallery\/2020-02-06_-_Matra530_-_Avanc\u00e9es_trainsfreinsrouesdirection\/thumbnail.jpg?bwg=1581241380\" data-elementor-open-lightbox=\"no\">                <div class=\"bwg-item0  lazy_loader \">          <div class=\"bwg-item1 \">            <div class=\"bwg-item2\">              <img decoding=\"async\" class=\"skip-lazy bwg_standart_thumb_img_0  bwg_lazyload \"                   data-id=\"1505\"                   data-width=\"1024\"                   data-height=\"498\"                   data-src=\"https:\/\/www.vehiculesanciens-airbuspalays.fr\/wp-content\/uploads\/photo-gallery\/2020-02-06_-_Matra530_-_Avanc\u00e9es_trainsfreinsrouesdirection\/thumb\/thumbnail.jpg?bwg=1581241380\"                   src=\"https:\/\/www.vehiculesanciens-airbuspalays.fr\/wp-content\/plugins\/photo-gallery\/images\/lazy_placeholder.gif\"                   alt=\"thumbnail\"                   title=\"thumbnail\" \/>            <\/div>            <div class=\"\">                                                      <\/div>          <\/div>        <\/div>                        <\/a>              <\/div>            <div class=\"bwg-item\">        <a class=\"bwg-a  bwg_lightbox\"  data-image-id=\"1506\" href=\"https:\/\/www.vehiculesanciens-airbuspalays.fr\/wp-content\/uploads\/photo-gallery\/2020-02-06_-_Matra530_-_Avanc\u00e9es_trainsfreinsrouesdirection\/thumbnail_(4).jpg?bwg=1581241380\" data-elementor-open-lightbox=\"no\">                <div class=\"bwg-item0  lazy_loader \">          <div class=\"bwg-item1 \">            <div class=\"bwg-item2\">              <img decoding=\"async\" class=\"skip-lazy bwg_standart_thumb_img_0  bwg_lazyload \"                   data-id=\"1506\"                   data-width=\"1024\"                   data-height=\"498\"                   data-src=\"https:\/\/www.vehiculesanciens-airbuspalays.fr\/wp-content\/uploads\/photo-gallery\/2020-02-06_-_Matra530_-_Avanc\u00e9es_trainsfreinsrouesdirection\/thumb\/thumbnail_(4).jpg?bwg=1581241380\"                   src=\"https:\/\/www.vehiculesanciens-airbuspalays.fr\/wp-content\/plugins\/photo-gallery\/images\/lazy_placeholder.gif\"                   alt=\"thumbnail (4)\"                   title=\"thumbnail (4)\" \/>            <\/div>            <div class=\"\">                                                      <\/div>          <\/div>        <\/div>                        <\/a>              <\/div>            <div class=\"bwg-item\">        <a class=\"bwg-a  bwg_lightbox\"  data-image-id=\"1507\" href=\"https:\/\/www.vehiculesanciens-airbuspalays.fr\/wp-content\/uploads\/photo-gallery\/2020-02-06_-_Matra530_-_Avanc\u00e9es_trainsfreinsrouesdirection\/thumbnail_(2).jpg?bwg=1581241380\" data-elementor-open-lightbox=\"no\">                <div class=\"bwg-item0  lazy_loader \">          <div class=\"bwg-item1 \">            <div class=\"bwg-item2\">              <img decoding=\"async\" class=\"skip-lazy bwg_standart_thumb_img_0  bwg_lazyload \"                   data-id=\"1507\"                   data-width=\"1024\"                   data-height=\"2106\"                   data-src=\"https:\/\/www.vehiculesanciens-airbuspalays.fr\/wp-content\/uploads\/photo-gallery\/2020-02-06_-_Matra530_-_Avanc\u00e9es_trainsfreinsrouesdirection\/thumb\/thumbnail_(2).jpg?bwg=1581241380\"                   src=\"https:\/\/www.vehiculesanciens-airbuspalays.fr\/wp-content\/plugins\/photo-gallery\/images\/lazy_placeholder.gif\"                   alt=\"thumbnail (2)\"                   title=\"thumbnail (2)\" \/>            <\/div>            <div class=\"\">                                                      <\/div>          <\/div>        <\/div>                        <\/a>              <\/div>            <div class=\"bwg-item\">        <a class=\"bwg-a  bwg_lightbox\"  data-image-id=\"1508\" href=\"https:\/\/www.vehiculesanciens-airbuspalays.fr\/wp-content\/uploads\/photo-gallery\/2020-02-06_-_Matra530_-_Avanc\u00e9es_trainsfreinsrouesdirection\/thumbnail_(3).jpg?bwg=1581241380\" data-elementor-open-lightbox=\"no\">                <div class=\"bwg-item0  lazy_loader \">          <div class=\"bwg-item1 \">            <div class=\"bwg-item2\">              <img decoding=\"async\" class=\"skip-lazy bwg_standart_thumb_img_0  bwg_lazyload \"                   data-id=\"1508\"                   data-width=\"1024\"                   data-height=\"2106\"                   data-src=\"https:\/\/www.vehiculesanciens-airbuspalays.fr\/wp-content\/uploads\/photo-gallery\/2020-02-06_-_Matra530_-_Avanc\u00e9es_trainsfreinsrouesdirection\/thumb\/thumbnail_(3).jpg?bwg=1581241380\"                   src=\"https:\/\/www.vehiculesanciens-airbuspalays.fr\/wp-content\/plugins\/photo-gallery\/images\/lazy_placeholder.gif\"                   alt=\"thumbnail (3)\"                   title=\"thumbnail (3)\" \/>            <\/div>            <div class=\"\">                                                      <\/div>          <\/div>        <\/div>                        <\/a>              <\/div>            <div class=\"bwg-item\">        <a class=\"bwg-a  bwg_lightbox\"  data-image-id=\"1509\" href=\"https:\/\/www.vehiculesanciens-airbuspalays.fr\/wp-content\/uploads\/photo-gallery\/2020-02-06_-_Matra530_-_Avanc\u00e9es_trainsfreinsrouesdirection\/thumbnail_(1).jpg?bwg=1581241380\" data-elementor-open-lightbox=\"no\">                <div class=\"bwg-item0  lazy_loader \">          <div class=\"bwg-item1 \">            <div class=\"bwg-item2\">              <img decoding=\"async\" class=\"skip-lazy bwg_standart_thumb_img_0  bwg_lazyload \"                   data-id=\"1509\"                   data-width=\"1024\"                   data-height=\"2106\"                   data-src=\"https:\/\/www.vehiculesanciens-airbuspalays.fr\/wp-content\/uploads\/photo-gallery\/2020-02-06_-_Matra530_-_Avanc\u00e9es_trainsfreinsrouesdirection\/thumb\/thumbnail_(1).jpg?bwg=1581241380\"                   src=\"https:\/\/www.vehiculesanciens-airbuspalays.fr\/wp-content\/plugins\/photo-gallery\/images\/lazy_placeholder.gif\"                   alt=\"thumbnail (1)\"                   title=\"thumbnail (1)\" \/>            <\/div>            <div class=\"\">                                                      <\/div>          <\/div>        <\/div>                        <\/a>              <\/div>          <\/div>    <style>      \/*pagination styles*\/      #bwg_container1_0 #bwg_container2_0 .tablenav-pages_0 {\t\t\t\ttext-align: center;\t\t\t\tfont-size: 12px;\t\t\t\tfont-family: segoe ui;\t\t\t\tfont-weight: bold;\t\t\t\tcolor: #666666;\t\t\t\tmargin: 6px 0 4px;\t\t\t\tdisplay: block;      }      @media only screen and (max-width : 320px) {      #bwg_container1_0 #bwg_container2_0 .displaying-num_0 {     \t display: none;      }      }      #bwg_container1_0 #bwg_container2_0 .displaying-num_0 {\t\t\t\tfont-size: 12px;\t\t\t\tfont-family: segoe ui;\t\t\t\tfont-weight: bold;\t\t\t\tcolor: #666666;\t\t\t\tmargin-right: 10px;\t\t\t\tvertical-align: middle;      }      #bwg_container1_0 #bwg_container2_0 .paging-input_0 {\t\t\t\tfont-size: 12px;\t\t\t\tfont-family: segoe ui;\t\t\t\tfont-weight: bold;\t\t\t\tcolor: #666666;\t\t\t\tvertical-align: middle;      }      #bwg_container1_0 #bwg_container2_0 .tablenav-pages_0 a.disabled,      #bwg_container1_0 #bwg_container2_0 .tablenav-pages_0 a.disabled:hover,      #bwg_container1_0 #bwg_container2_0 .tablenav-pages_0 a.disabled:focus,\t\t\t#bwg_container1_0 #bwg_container2_0 .tablenav-pages_0 input.bwg_current_page {\t\t\t\tcursor: default;\t\t\t\tcolor: rgba(102, 102, 102, 0.5);      }      #bwg_container1_0 #bwg_container2_0 .tablenav-pages_0 a,      #bwg_container1_0 #bwg_container2_0 .tablenav-pages_0 input.bwg_current_page {\t\t\t\tcursor: pointer;\t\t\t\ttext-align: center;\t\t\t\tfont-size: 12px;\t\t\t\tfont-family: segoe ui;\t\t\t\tfont-weight: bold;\t\t\t\tcolor: #666666;\t\t\t\ttext-decoration: none;\t\t\t\tpadding: 3px 6px;\t\t\t\tmargin: 0;\t\t\t\tborder-radius: 0;\t\t\t\tborder-style: solid;\t\t\t\tborder-width: 1px;\t\t\t\tborder-color: #E3E3E3;\t\t\t\t\t\t\t\tbackground-color: rgba(255, 255, 255, 1.00);\t\t\t\tbox-shadow: 0;\t\t\t\ttransition: all 0.3s ease 0s;-webkit-transition: all 0.3s ease 0s;      }      <\/style>      <span class=\"bwg_nav_cont_0\">              <div class=\"tablenav-pages_0\">                  <\/div>                <input type=\"hidden\" id=\"page_number_0\" name=\"page_number_0\" value=\"1\" \/>      <script type=\"text\/javascript\">        if( jQuery('.bwg_nav_cont_0').length > 1 ) {          jQuery('.bwg_nav_cont_0').first().remove()        }        function spider_page_0(cur, x, y, load_more) {          if (typeof load_more == \"undefined\") {            var load_more = false;          }          if (jQuery(cur).hasClass('disabled')) {            return false;          }          var items_county_0 = 1;          switch (y) {            case 1:              if (x >= items_county_0) {                document.getElementById('page_number_0').value = items_county_0;              }              else {                document.getElementById('page_number_0').value = x + 1;              }              break;            case 2:              document.getElementById('page_number_0').value = items_county_0;              break;            case -1:              if (x == 1) {                document.getElementById('page_number_0').value = 1;              }              else {                document.getElementById('page_number_0').value = x - 1;              }              break;            case -2:              document.getElementById('page_number_0').value = 1;              break;\t\t\t\t\t\tcase 0:              document.getElementById('page_number_0').value = x;              break;            default:              document.getElementById('page_number_0').value = 1;          }          bwg_ajax('gal_front_form_0', '0', 'bwg_thumbnails_0', '0', '', 'gallery', 0, '', '', load_more, '', 1);        }                    jQuery('.first-page-0').on('click', function () {              spider_page_0(this, 1, -2, 'numeric');              return false;            });            jQuery('.prev-page-0').on('click', function () {              spider_page_0(this, 1, -1, 'numeric');              return false;            });            jQuery('.next-page-0').on('click', function () {              spider_page_0(this, 1, 1, 'numeric');              return false;            });            jQuery('.last-page-0').on('click', function () {              spider_page_0(this, 1, 2, 'numeric');              return false;            });        \t\t\t\t\/* Change page on input enter. *\/        function bwg_change_page_0( e, that ) {          if (  e.key == 'Enter' ) {            var to_page = parseInt(jQuery(that).val());            var pages_count = jQuery(that).parents(\".pagination-links\").data(\"pages-count\");            var current_url_param = jQuery(that).attr('data-url-info');            if (to_page > pages_count) {              to_page = 1;            }\t \t\t\t\t\t\t\t\t\t\t\t\tspider_page_0(this, to_page, 0, 'numeric');\t\t\t\t\t\t\treturn false;\t\t\t\t\t\t          }          return true;        }        jQuery('.bwg_load_btn_0').on('click', function () {            spider_page_0(this, 1, 1, true);            return false;        });      <\/script>      <\/span>                <\/div>        <\/form>        <style>          #bwg_container1_0 #bwg_container2_0 #spider_popup_overlay_0 {          background-color: #000000;          opacity: 0.70;          }          <\/style>        <div id=\"bwg_spider_popup_loading_0\" class=\"bwg_spider_popup_loading\"><\/div>        <div id=\"spider_popup_overlay_0\" class=\"spider_popup_overlay\" onclick=\"spider_destroypopup(1000)\"><\/div>        <input type=\"hidden\" id=\"bwg_random_seed_0\" value=\"1865500619\">                <\/div>    <\/div>    <script>      if (document.readyState === 'complete') {        if( typeof bwg_main_ready == 'function' ) {          if ( jQuery(\"#bwg_container1_0\").height() ) {            bwg_main_ready(jQuery(\"#bwg_container1_0\"));          }        }      } else {        document.addEventListener('DOMContentLoaded', function() {          if( typeof bwg_main_ready == 'function' ) {            if ( jQuery(\"#bwg_container1_0\").height() ) {             bwg_main_ready(jQuery(\"#bwg_container1_0\"));            }          }        });      }    <\/script>    \n","protected":false},"excerpt":{"rendered":"<p>Bonjour, et merci \u00e0 Christophe de son aide aujourd\u2019hui (+ passage \u00e9clair de Blaise qui a une autre Ami (8) avec qui partager ses affections !! ) On a nettoy\u00e9 des \u00e9l\u00e9ments des trains, voir photos jointes un cardan, dont <a class=\"more-link\" href=\"https:\/\/www.vehiculesanciens-airbuspalays.fr\/?p=2327\">Continuer la lecture <span class=\"screen-reader-text\">  06 f\u00e9vrier 2020 &#8211; Matra530 &#8211; Avanc\u00e9es trains\/freins\/roues\/direction<\/span><span class=\"meta-nav\">&rarr;<\/span><\/a><\/p>\n","protected":false},"author":1,"featured_media":2331,"comment_status":"open","ping_status":"open","sticky":false,"template":"","format":"standard","meta":{"footnotes":""},"categories":[44,8],"tags":[57],"class_list":["post-2327","post","type-post","status-publish","format-standard","has-post-thumbnail","hentry","category-projets-collectifs","category-renovation-collective-dune-matra","tag-matra-530"],"publishpress_future_action":{"enabled":false,"date":"2026-05-08 13:25:20","action":"change-status","newStatus":"draft","terms":[],"taxonomy":"category","extraData":[]},"publishpress_future_workflow_manual_trigger":{"enabledWorkflows":[]},"_links":{"self":[{"href":"https:\/\/www.vehiculesanciens-airbuspalays.fr\/index.php?rest_route=\/wp\/v2\/posts\/2327","targetHints":{"allow":["GET"]}}],"collection":[{"href":"https:\/\/www.vehiculesanciens-airbuspalays.fr\/index.php?rest_route=\/wp\/v2\/posts"}],"about":[{"href":"https:\/\/www.vehiculesanciens-airbuspalays.fr\/index.php?rest_route=\/wp\/v2\/types\/post"}],"author":[{"embeddable":true,"href":"https:\/\/www.vehiculesanciens-airbuspalays.fr\/index.php?rest_route=\/wp\/v2\/users\/1"}],"replies":[{"embeddable":true,"href":"https:\/\/www.vehiculesanciens-airbuspalays.fr\/index.php?rest_route=%2Fwp%2Fv2%2Fcomments&post=2327"}],"version-history":[{"count":1,"href":"https:\/\/www.vehiculesanciens-airbuspalays.fr\/index.php?rest_route=\/wp\/v2\/posts\/2327\/revisions"}],"predecessor-version":[{"id":2329,"href":"https:\/\/www.vehiculesanciens-airbuspalays.fr\/index.php?rest_route=\/wp\/v2\/posts\/2327\/revisions\/2329"}],"wp:featuredmedia":[{"embeddable":true,"href":"https:\/\/www.vehiculesanciens-airbuspalays.fr\/index.php?rest_route=\/wp\/v2\/media\/2331"}],"wp:attachment":[{"href":"https:\/\/www.vehiculesanciens-airbuspalays.fr\/index.php?rest_route=%2Fwp%2Fv2%2Fmedia&parent=2327"}],"wp:term":[{"taxonomy":"category","embeddable":true,"href":"https:\/\/www.vehiculesanciens-airbuspalays.fr\/index.php?rest_route=%2Fwp%2Fv2%2Fcategories&post=2327"},{"taxonomy":"post_tag","embeddable":true,"href":"https:\/\/www.vehiculesanciens-airbuspalays.fr\/index.php?rest_route=%2Fwp%2Fv2%2Ftags&post=2327"}],"curies":[{"name":"wp","href":"https:\/\/api.w.org\/{rel}","templated":true}]}}