{"id":2322,"date":"2020-01-27T20:34:40","date_gmt":"2020-01-27T19:34:40","guid":{"rendered":"https:\/\/www.vehiculesanciens-airbuspalays.fr\/?p=2322"},"modified":"2020-03-01T11:25:43","modified_gmt":"2020-03-01T10:25:43","slug":"1617-decembre-2019-matra530-avancees-moteur-3-2-2-2","status":"publish","type":"post","link":"https:\/\/www.vehiculesanciens-airbuspalays.fr\/?p=2322","title":{"rendered":"27 janvier 2020 &#8211; Matra530 &#8211; Avanc\u00e9es moteur"},"content":{"rendered":"\n<p>Bonjour \u00e0 tous,<\/p>\n\n\n\n<p>Nous \u00e9tions 3 lors de cet atelier (Moi, Blaise et Ren\u00e9).<\/p>\n\n\n\n<p>Nous avons pass\u00e9 une bonne partie de l\u2019atelier \u00e0 travailler pour l\u2019atelier ; nous avons :<\/p>\n\n\n\n<ul class=\"wp-block-list\"><li>Consolid\u00e9 l\u2019a\u00e9rogommeuse<\/li><li>Regroup\u00e9 la partie train sur un ensemble de planches \u00e9tag\u00e8re plus accessible<\/li><li>Lib\u00e9r\u00e9 plusieurs \u00e9tag\u00e8res dans l\u2019atelier.<br>Mais surtout : Nous avons fait la premi\u00e8re session pour le Ch\u00e2ssis !!!<\/li><\/ul>\n\n\n\n<figure class=\"wp-block-image\"><a href=\"https:\/\/www.vehiculesanciens-airbuspalays.fr\/wp-content\/uploads\/2020\/02\/Cr_Atelier__Attente__27-01-2020.pdf\"><img loading=\"lazy\" decoding=\"async\" width=\"60\" height=\"59\" src=\"https:\/\/www.vehiculesanciens-airbuspalays.fr\/wp-content\/uploads\/2018\/02\/pdf-icon.png\" alt=\"\" class=\"wp-image-607\"\/><\/a><\/figure>\n\n\n\n<figure class=\"wp-block-image size-large\"><img loading=\"lazy\" decoding=\"async\" width=\"349\" height=\"462\" src=\"https:\/\/www.vehiculesanciens-airbuspalays.fr\/wp-content\/uploads\/2020\/02\/image005.png\" alt=\"\" class=\"wp-image-2323\" srcset=\"https:\/\/www.vehiculesanciens-airbuspalays.fr\/wp-content\/uploads\/2020\/02\/image005.png 349w, https:\/\/www.vehiculesanciens-airbuspalays.fr\/wp-content\/uploads\/2020\/02\/image005-227x300.png 227w\" sizes=\"auto, (max-width: 349px) 100vw, 349px\" \/><\/figure>\n","protected":false},"excerpt":{"rendered":"<p>Bonjour \u00e0 tous, Nous \u00e9tions 3 lors de cet atelier (Moi, Blaise et Ren\u00e9). Nous avons pass\u00e9 une bonne partie de l\u2019atelier \u00e0 travailler pour l\u2019atelier ; nous avons : Consolid\u00e9 l\u2019a\u00e9rogommeuse Regroup\u00e9 la partie train sur un ensemble de <a class=\"more-link\" href=\"https:\/\/www.vehiculesanciens-airbuspalays.fr\/?p=2322\">Continuer la lecture <span class=\"screen-reader-text\">  27 janvier 2020 &#8211; Matra530 &#8211; Avanc\u00e9es moteur<\/span><span class=\"meta-nav\">&rarr;<\/span><\/a><\/p>\n","protected":false},"author":1,"featured_media":2323,"comment_status":"open","ping_status":"open","sticky":false,"template":"","format":"standard","meta":{"footnotes":""},"categories":[44,8],"tags":[57],"class_list":["post-2322","post","type-post","status-publish","format-standard","has-post-thumbnail","hentry","category-projets-collectifs","category-renovation-collective-dune-matra","tag-matra-530"],"publishpress_future_action":{"enabled":false,"date":"2026-05-08 13:25:21","action":"change-status","newStatus":"draft","terms":[],"taxonomy":"category","extraData":[]},"publishpress_future_workflow_manual_trigger":{"enabledWorkflows":[]},"_links":{"self":[{"href":"https:\/\/www.vehiculesanciens-airbuspalays.fr\/index.php?rest_route=\/wp\/v2\/posts\/2322","targetHints":{"allow":["GET"]}}],"collection":[{"href":"https:\/\/www.vehiculesanciens-airbuspalays.fr\/index.php?rest_route=\/wp\/v2\/posts"}],"about":[{"href":"https:\/\/www.vehiculesanciens-airbuspalays.fr\/index.php?rest_route=\/wp\/v2\/types\/post"}],"author":[{"embeddable":true,"href":"https:\/\/www.vehiculesanciens-airbuspalays.fr\/index.php?rest_route=\/wp\/v2\/users\/1"}],"replies":[{"embeddable":true,"href":"https:\/\/www.vehiculesanciens-airbuspalays.fr\/index.php?rest_route=%2Fwp%2Fv2%2Fcomments&post=2322"}],"version-history":[{"count":2,"href":"https:\/\/www.vehiculesanciens-airbuspalays.fr\/index.php?rest_route=\/wp\/v2\/posts\/2322\/revisions"}],"predecessor-version":[{"id":2326,"href":"https:\/\/www.vehiculesanciens-airbuspalays.fr\/index.php?rest_route=\/wp\/v2\/posts\/2322\/revisions\/2326"}],"wp:featuredmedia":[{"embeddable":true,"href":"https:\/\/www.vehiculesanciens-airbuspalays.fr\/index.php?rest_route=\/wp\/v2\/media\/2323"}],"wp:attachment":[{"href":"https:\/\/www.vehiculesanciens-airbuspalays.fr\/index.php?rest_route=%2Fwp%2Fv2%2Fmedia&parent=2322"}],"wp:term":[{"taxonomy":"category","embeddable":true,"href":"https:\/\/www.vehiculesanciens-airbuspalays.fr\/index.php?rest_route=%2Fwp%2Fv2%2Fcategories&post=2322"},{"taxonomy":"post_tag","embeddable":true,"href":"https:\/\/www.vehiculesanciens-airbuspalays.fr\/index.php?rest_route=%2Fwp%2Fv2%2Ftags&post=2322"}],"curies":[{"name":"wp","href":"https:\/\/api.w.org\/{rel}","templated":true}]}}