{"id":2310,"date":"2020-01-28T19:34:15","date_gmt":"2020-01-28T18:34:15","guid":{"rendered":"https:\/\/www.vehiculesanciens-airbuspalays.fr\/?p=2310"},"modified":"2020-03-01T11:25:49","modified_gmt":"2020-03-01T10:25:49","slug":"17-decembre-2019-matra530-avancees-freins-direction-2","status":"publish","type":"post","link":"https:\/\/www.vehiculesanciens-airbuspalays.fr\/?p=2310","title":{"rendered":"28 janvier 2020 &#8211; Matra530 &#8211; Avanc\u00e9es freins\/direction"},"content":{"rendered":"\n<p>\n\nMerci \u00e0 Fran\u00e7ois, Laurent et Christophe pour ce midi, voici ce qu\u2019on a fait avec quelques photos&nbsp;:Freins avant&nbsp;:<\/p>\n\n\n\n<ul class=\"wp-block-list\"><li>D\u00e9tartrage des gorges des joints des 2 \u00e9triers (ayant s\u00e9ch\u00e9 il fallait vider le sable du sablage + d\u2019autres incrustations)<\/li><li>Au passage on a not\u00e9 qu\u2019un des \u00e9triers n\u2019est pas compl\u00e8tement nettoy\u00e9 au sablage, \u00e0 finir<\/li><li>Mesures des nouveaux pistons et joints avec pied \u00e0 coulisse&nbsp;: \u00e0 priori ok<\/li><li>Mesures des 2 tuyaux flexibles par rapport aux anciens&nbsp;: ok<\/li><li>R\u00e9cup\u00e9ration et nettoyage d\u2019un embout des 2 anciens flexibles et installation sur les nouveaux<\/li><\/ul>\n\n\n\n<p>Freins arri\u00e8res&nbsp;:<\/p>\n\n\n\n<ul class=\"wp-block-list\"><li>Etriers toujours \u00e0 sabler<\/li><li>Mesures des nouveaux pistons et joints avec pied \u00e0 coulisse&nbsp;: \u00e0 priori ok<\/li><li>D\u00e9pose des \u00e9l\u00e9ments du frein \u00e0 main des anciens pistons, nettoyage \u00e0 essence, puis montage dans les nouveaux pistons<\/li><li>Nettoyage des \u00e9l\u00e9ments \u2018externes\u2019 du frein \u00e0 main d\u2019un \u00e9trier<\/li><\/ul>\n\n\n\n<p>Direction&nbsp;: peinture \u00e0 la bombe de 4 \u00e9l\u00e9ments de la direction (tube + tige de la colonne + les 2 barres de direction)\n\n<\/p>\n\n\n\n<p>\n\nOn a aussi d\u00e9plac\u00e9 tous les \u00e9l\u00e9ments \u2018freins\u2019 d\u2019un \u00e9tag\u00e8re souvent inaccessible vers un qui est beaucoup plus accessible.&nbsp; Avec G\u00e9rard on a discut\u00e9 de cr\u00e9er une s\u00e9rie d\u2019\u00e9tag\u00e8res trains\/freins\/direction regroup\u00e9 et de mettre les tas de pi\u00e8ces endommag\u00e9es et \u00e0 remplacer dans un carton \/ boite plut\u00f4t au sol que sur des \u00e9tag\u00e8res plus hautes, mieux adapt\u00e9es aux \u00e9l\u00e9ments propres.&nbsp;&nbsp;THIS DOCUMENT IS NOT SUBJECT TO EXPORT CONTROL.&nbsp;N\u2019ayant pas trouv\u00e9 de la fluide hydraulique \u2018silicone\u2019 chez Feu Vert hier on n\u2019a pas pu vraiment commencer le r\u00e9assemblage des \u00e9triers.&nbsp; Si quelqu\u2019un a un tuyau \u2026\u2026&nbsp;Merci, \u00e0+, Ted\n\n<\/p>\n\n\n\n<style id=\"bwg-style-0\">    #bwg_container1_0 #bwg_container2_0 .bwg-container-0.bwg-standard-thumbnails {      width: 1264px;              justify-content: center;        margin:0 auto !important;              background-color: rgba(255, 255, 255, 0.00);            padding-left: 4px;      padding-top: 4px;      max-width: 100%;            }        #bwg_container1_0 #bwg_container2_0 .bwg-container-0.bwg-standard-thumbnails .bwg-item {    justify-content: flex-start;      max-width: 252px;            width: 252px !important;          }    #bwg_container1_0 #bwg_container2_0 .bwg-container-0.bwg-standard-thumbnails .bwg-item a {       margin-right: 4px;       margin-bottom: 4px;    }    #bwg_container1_0 #bwg_container2_0 .bwg-container-0.bwg-standard-thumbnails .bwg-item0 {      padding: 0px;            background-color:rgba(255,255,255, 0.30);      border: 0px none #CCCCCC;      opacity: 1.00;      border-radius: 0;      box-shadow: 0px 0px 0px #888888;    }    #bwg_container1_0 #bwg_container2_0 .bwg-container-0.bwg-standard-thumbnails .bwg-item1 img {      max-height: none;      max-width: none;      padding: 0 !important;    }        @media only screen and (min-width: 480px) {      #bwg_container1_0 #bwg_container2_0 .bwg-container-0.bwg-standard-thumbnails .bwg-item0 {        transition: all 0.3s ease 0s;-webkit-transition: all 0.3s ease 0s;      }      #bwg_container1_0 #bwg_container2_0 .bwg-container-0.bwg-standard-thumbnails .bwg-item0:hover {        -ms-transform: scale(1.1);        -webkit-transform: scale(1.1);        transform: scale(1.1);      }    }          #bwg_container1_0 #bwg_container2_0 .bwg-container-0.bwg-standard-thumbnails .bwg-item1 {      padding-top: 63.492063492063%;    }        #bwg_container1_0 #bwg_container2_0 .bwg-container-0.bwg-standard-thumbnails .bwg-title2,    #bwg_container1_0 #bwg_container2_0 .bwg-container-0.bwg-standard-thumbnails .bwg-ecommerce2 {      color: #CCCCCC;      font-family: segoe ui;      font-size: 16px;      font-weight: bold;      padding: 2px;      text-shadow: 0px 0px 0px #888888;      max-height: 100%;    }    #bwg_container1_0 #bwg_container2_0 .bwg-container-0.bwg-standard-thumbnails .bwg-thumb-description span {    color: #323A45;    font-family: Ubuntu;    font-size: 12px;    max-height: 100%;    word-wrap: break-word;    }    #bwg_container1_0 #bwg_container2_0 .bwg-container-0.bwg-standard-thumbnails .bwg-play-icon2 {      font-size: 32px;    }    #bwg_container1_0 #bwg_container2_0 .bwg-container-0.bwg-standard-thumbnails .bwg-ecommerce2 {      font-size: 19.2px;      color: #CCCCCC;    }    <\/style>    <div id=\"bwg_container1_0\"         class=\"bwg_container bwg_thumbnail bwg_thumbnails \"         data-right-click-protection=\"0\"         data-bwg=\"0\"         data-scroll=\"0\"         data-gallery-type=\"thumbnails\"         data-gallery-view-type=\"thumbnails\"         data-current-url=\"\/index.php?rest_route=%2Fwp%2Fv2%2Fposts%2F2310\"         data-lightbox-url=\"https:\/\/www.vehiculesanciens-airbuspalays.fr\/wp-admin\/admin-ajax.php?action=GalleryBox&#038;current_view=0&#038;gallery_id=53&#038;tag=0&#038;theme_id=1&#038;shortcode_id=116&#038;sort_by=date&#038;order_by=asc&#038;current_url=%2Findex.php%3Frest_route%3D%252Fwp%252Fv2%252Fposts%252F2310\"         data-gallery-id=\"53\"         data-popup-width=\"800\"         data-popup-height=\"500\"         data-is-album=\"gallery\"         data-buttons-position=\"bottom\">      <div id=\"bwg_container2_0\">             <div id=\"ajax_loading_0\" class=\"bwg_loading_div_1\">      <div class=\"bwg_loading_div_2\">        <div class=\"bwg_loading_div_3\">          <div id=\"loading_div_0\" class=\"bwg_spider_ajax_loading\">          <\/div>        <\/div>      <\/div>    <\/div>            <form id=\"gal_front_form_0\"              class=\"bwg-hidden\"              method=\"post\"              action=\"#\"              data-current=\"0\"              data-shortcode-id=\"116\"              data-gallery-type=\"thumbnails\"              data-gallery-id=\"53\"              data-tag=\"0\"              data-album-id=\"0\"              data-theme-id=\"1\"              data-ajax-url=\"https:\/\/www.vehiculesanciens-airbuspalays.fr\/wp-admin\/admin-ajax.php?action=bwg_frontend_data\">          <div id=\"bwg_container3_0\" class=\"bwg-background bwg-background-0\">                <div data-max-count=\"5\"         data-thumbnail-width=\"252\"         data-bwg=\"0\"         data-gallery-id=\"53\"         data-lightbox-url=\"https:\/\/www.vehiculesanciens-airbuspalays.fr\/wp-admin\/admin-ajax.php?action=GalleryBox&amp;current_view=0&amp;gallery_id=53&amp;tag=0&amp;theme_id=1&amp;shortcode_id=116&amp;sort_by=date&amp;order_by=asc&amp;current_url=%2Findex.php%3Frest_route%3D%252Fwp%252Fv2%252Fposts%252F2310\"         id=\"bwg_thumbnails_0\"         class=\"bwg-container-0 bwg-thumbnails bwg-standard-thumbnails bwg-container bwg-border-box\">            <div class=\"bwg-item\">        <a class=\"bwg-a  bwg_lightbox\"  data-image-id=\"1473\" href=\"https:\/\/www.vehiculesanciens-airbuspalays.fr\/wp-content\/uploads\/photo-gallery\/2020-01-28_Matra530_-_Avanc\u00e9es_trainsdirection\/thumbnail_4.jpg?bwg=1580322804\" data-elementor-open-lightbox=\"no\">                <div class=\"bwg-item0  lazy_loader \">          <div class=\"bwg-item1 \">            <div class=\"bwg-item2\">              <img decoding=\"async\" class=\"skip-lazy bwg_standart_thumb_img_0  bwg_lazyload \"                   data-id=\"1473\"                   data-width=\"389\"                   data-height=\"800\"                   data-src=\"https:\/\/www.vehiculesanciens-airbuspalays.fr\/wp-content\/uploads\/photo-gallery\/2020-01-28_Matra530_-_Avanc\u00e9es_trainsdirection\/thumb\/thumbnail_4.jpg?bwg=1580322804\"                   src=\"https:\/\/www.vehiculesanciens-airbuspalays.fr\/wp-content\/plugins\/photo-gallery\/images\/lazy_placeholder.gif\"                   alt=\"thumbnail 4\"                   title=\"thumbnail 4\" \/>            <\/div>            <div class=\"\">                                                      <\/div>          <\/div>        <\/div>                        <\/a>              <\/div>            <div class=\"bwg-item\">        <a class=\"bwg-a  bwg_lightbox\"  data-image-id=\"1474\" href=\"https:\/\/www.vehiculesanciens-airbuspalays.fr\/wp-content\/uploads\/photo-gallery\/2020-01-28_Matra530_-_Avanc\u00e9es_trainsdirection\/thumbnail_1.jpg?bwg=1580322804\" data-elementor-open-lightbox=\"no\">                <div class=\"bwg-item0  lazy_loader \">          <div class=\"bwg-item1 \">            <div class=\"bwg-item2\">              <img decoding=\"async\" class=\"skip-lazy bwg_standart_thumb_img_0  bwg_lazyload \"                   data-id=\"1474\"                   data-width=\"1645\"                   data-height=\"800\"                   data-src=\"https:\/\/www.vehiculesanciens-airbuspalays.fr\/wp-content\/uploads\/photo-gallery\/2020-01-28_Matra530_-_Avanc\u00e9es_trainsdirection\/thumb\/thumbnail_1.jpg?bwg=1580322804\"                   src=\"https:\/\/www.vehiculesanciens-airbuspalays.fr\/wp-content\/plugins\/photo-gallery\/images\/lazy_placeholder.gif\"                   alt=\"thumbnail 1\"                   title=\"thumbnail 1\" \/>            <\/div>            <div class=\"\">                                                      <\/div>          <\/div>        <\/div>                        <\/a>              <\/div>            <div class=\"bwg-item\">        <a class=\"bwg-a  bwg_lightbox\"  data-image-id=\"1475\" href=\"https:\/\/www.vehiculesanciens-airbuspalays.fr\/wp-content\/uploads\/photo-gallery\/2020-01-28_Matra530_-_Avanc\u00e9es_trainsdirection\/thumbnail_2.jpg?bwg=1580322804\" data-elementor-open-lightbox=\"no\">                <div class=\"bwg-item0  lazy_loader \">          <div class=\"bwg-item1 \">            <div class=\"bwg-item2\">              <img decoding=\"async\" class=\"skip-lazy bwg_standart_thumb_img_0  bwg_lazyload \"                   data-id=\"1475\"                   data-width=\"389\"                   data-height=\"800\"                   data-src=\"https:\/\/www.vehiculesanciens-airbuspalays.fr\/wp-content\/uploads\/photo-gallery\/2020-01-28_Matra530_-_Avanc\u00e9es_trainsdirection\/thumb\/thumbnail_2.jpg?bwg=1580322804\"                   src=\"https:\/\/www.vehiculesanciens-airbuspalays.fr\/wp-content\/plugins\/photo-gallery\/images\/lazy_placeholder.gif\"                   alt=\"thumbnail 2\"                   title=\"thumbnail 2\" \/>            <\/div>            <div class=\"\">                                                      <\/div>          <\/div>        <\/div>                        <\/a>              <\/div>            <div class=\"bwg-item\">        <a class=\"bwg-a  bwg_lightbox\"  data-image-id=\"1476\" href=\"https:\/\/www.vehiculesanciens-airbuspalays.fr\/wp-content\/uploads\/photo-gallery\/2020-01-28_Matra530_-_Avanc\u00e9es_trainsdirection\/thumbnail_3.jpg?bwg=1580322804\" data-elementor-open-lightbox=\"no\">                <div class=\"bwg-item0  lazy_loader \">          <div class=\"bwg-item1 \">            <div class=\"bwg-item2\">              <img decoding=\"async\" class=\"skip-lazy bwg_standart_thumb_img_0  bwg_lazyload \"                   data-id=\"1476\"                   data-width=\"1645\"                   data-height=\"800\"                   data-src=\"https:\/\/www.vehiculesanciens-airbuspalays.fr\/wp-content\/uploads\/photo-gallery\/2020-01-28_Matra530_-_Avanc\u00e9es_trainsdirection\/thumb\/thumbnail_3.jpg?bwg=1580322804\"                   src=\"https:\/\/www.vehiculesanciens-airbuspalays.fr\/wp-content\/plugins\/photo-gallery\/images\/lazy_placeholder.gif\"                   alt=\"thumbnail 3\"                   title=\"thumbnail 3\" \/>            <\/div>            <div class=\"\">                                                      <\/div>          <\/div>        <\/div>                        <\/a>              <\/div>            <div class=\"bwg-item\">        <a class=\"bwg-a  bwg_lightbox\"  data-image-id=\"1477\" href=\"https:\/\/www.vehiculesanciens-airbuspalays.fr\/wp-content\/uploads\/photo-gallery\/2020-01-28_Matra530_-_Avanc\u00e9es_trainsdirection\/thumbnail_5.jpg?bwg=1580322804\" data-elementor-open-lightbox=\"no\">                <div class=\"bwg-item0  lazy_loader \">          <div class=\"bwg-item1 \">            <div class=\"bwg-item2\">              <img decoding=\"async\" class=\"skip-lazy bwg_standart_thumb_img_0  bwg_lazyload \"                   data-id=\"1477\"                   data-width=\"1645\"                   data-height=\"800\"                   data-src=\"https:\/\/www.vehiculesanciens-airbuspalays.fr\/wp-content\/uploads\/photo-gallery\/2020-01-28_Matra530_-_Avanc\u00e9es_trainsdirection\/thumb\/thumbnail_5.jpg?bwg=1580322804\"                   src=\"https:\/\/www.vehiculesanciens-airbuspalays.fr\/wp-content\/plugins\/photo-gallery\/images\/lazy_placeholder.gif\"                   alt=\"thumbnail 5\"                   title=\"thumbnail 5\" \/>            <\/div>            <div class=\"\">                                                      <\/div>          <\/div>        <\/div>                        <\/a>              <\/div>          <\/div>    <style>      \/*pagination styles*\/      #bwg_container1_0 #bwg_container2_0 .tablenav-pages_0 {\t\t\t\ttext-align: center;\t\t\t\tfont-size: 12px;\t\t\t\tfont-family: segoe ui;\t\t\t\tfont-weight: bold;\t\t\t\tcolor: #666666;\t\t\t\tmargin: 6px 0 4px;\t\t\t\tdisplay: block;      }      @media only screen and (max-width : 320px) {      #bwg_container1_0 #bwg_container2_0 .displaying-num_0 {     \t display: none;      }      }      #bwg_container1_0 #bwg_container2_0 .displaying-num_0 {\t\t\t\tfont-size: 12px;\t\t\t\tfont-family: segoe ui;\t\t\t\tfont-weight: bold;\t\t\t\tcolor: #666666;\t\t\t\tmargin-right: 10px;\t\t\t\tvertical-align: middle;      }      #bwg_container1_0 #bwg_container2_0 .paging-input_0 {\t\t\t\tfont-size: 12px;\t\t\t\tfont-family: segoe ui;\t\t\t\tfont-weight: bold;\t\t\t\tcolor: #666666;\t\t\t\tvertical-align: middle;      }      #bwg_container1_0 #bwg_container2_0 .tablenav-pages_0 a.disabled,      #bwg_container1_0 #bwg_container2_0 .tablenav-pages_0 a.disabled:hover,      #bwg_container1_0 #bwg_container2_0 .tablenav-pages_0 a.disabled:focus,\t\t\t#bwg_container1_0 #bwg_container2_0 .tablenav-pages_0 input.bwg_current_page {\t\t\t\tcursor: default;\t\t\t\tcolor: rgba(102, 102, 102, 0.5);      }      #bwg_container1_0 #bwg_container2_0 .tablenav-pages_0 a,      #bwg_container1_0 #bwg_container2_0 .tablenav-pages_0 input.bwg_current_page {\t\t\t\tcursor: pointer;\t\t\t\ttext-align: center;\t\t\t\tfont-size: 12px;\t\t\t\tfont-family: segoe ui;\t\t\t\tfont-weight: bold;\t\t\t\tcolor: #666666;\t\t\t\ttext-decoration: none;\t\t\t\tpadding: 3px 6px;\t\t\t\tmargin: 0;\t\t\t\tborder-radius: 0;\t\t\t\tborder-style: solid;\t\t\t\tborder-width: 1px;\t\t\t\tborder-color: #E3E3E3;\t\t\t\t\t\t\t\tbackground-color: rgba(255, 255, 255, 1.00);\t\t\t\tbox-shadow: 0;\t\t\t\ttransition: all 0.3s ease 0s;-webkit-transition: all 0.3s ease 0s;      }      <\/style>      <span class=\"bwg_nav_cont_0\">              <div class=\"tablenav-pages_0\">                  <\/div>                <input type=\"hidden\" id=\"page_number_0\" name=\"page_number_0\" value=\"1\" \/>      <script type=\"text\/javascript\">        if( jQuery('.bwg_nav_cont_0').length > 1 ) {          jQuery('.bwg_nav_cont_0').first().remove()        }        function spider_page_0(cur, x, y, load_more) {          if (typeof load_more == \"undefined\") {            var load_more = false;          }          if (jQuery(cur).hasClass('disabled')) {            return false;          }          var items_county_0 = 1;          switch (y) {            case 1:              if (x >= items_county_0) {                document.getElementById('page_number_0').value = items_county_0;              }              else {                document.getElementById('page_number_0').value = x + 1;              }              break;            case 2:              document.getElementById('page_number_0').value = items_county_0;              break;            case -1:              if (x == 1) {                document.getElementById('page_number_0').value = 1;              }              else {                document.getElementById('page_number_0').value = x - 1;              }              break;            case -2:              document.getElementById('page_number_0').value = 1;              break;\t\t\t\t\t\tcase 0:              document.getElementById('page_number_0').value = x;              break;            default:              document.getElementById('page_number_0').value = 1;          }          bwg_ajax('gal_front_form_0', '0', 'bwg_thumbnails_0', '0', '', 'gallery', 0, '', '', load_more, '', 1);        }                    jQuery('.first-page-0').on('click', function () {              spider_page_0(this, 1, -2, 'numeric');              return false;            });            jQuery('.prev-page-0').on('click', function () {              spider_page_0(this, 1, -1, 'numeric');              return false;            });            jQuery('.next-page-0').on('click', function () {              spider_page_0(this, 1, 1, 'numeric');              return false;            });            jQuery('.last-page-0').on('click', function () {              spider_page_0(this, 1, 2, 'numeric');              return false;            });        \t\t\t\t\/* Change page on input enter. *\/        function bwg_change_page_0( e, that ) {          if (  e.key == 'Enter' ) {            var to_page = parseInt(jQuery(that).val());            var pages_count = jQuery(that).parents(\".pagination-links\").data(\"pages-count\");            var current_url_param = jQuery(that).attr('data-url-info');            if (to_page > pages_count) {              to_page = 1;            }\t \t\t\t\t\t\t\t\t\t\t\t\tspider_page_0(this, to_page, 0, 'numeric');\t\t\t\t\t\t\treturn false;\t\t\t\t\t\t          }          return true;        }        jQuery('.bwg_load_btn_0').on('click', function () {            spider_page_0(this, 1, 1, true);            return false;        });      <\/script>      <\/span>                <\/div>        <\/form>        <style>          #bwg_container1_0 #bwg_container2_0 #spider_popup_overlay_0 {          background-color: #000000;          opacity: 0.70;          }          <\/style>        <div id=\"bwg_spider_popup_loading_0\" class=\"bwg_spider_popup_loading\"><\/div>        <div id=\"spider_popup_overlay_0\" class=\"spider_popup_overlay\" onclick=\"spider_destroypopup(1000)\"><\/div>        <input type=\"hidden\" id=\"bwg_random_seed_0\" value=\"477559287\">                <\/div>    <\/div>    <script>      if (document.readyState === 'complete') {        if( typeof bwg_main_ready == 'function' ) {          if ( jQuery(\"#bwg_container1_0\").height() ) {            bwg_main_ready(jQuery(\"#bwg_container1_0\"));          }        }      } else {        document.addEventListener('DOMContentLoaded', function() {          if( typeof bwg_main_ready == 'function' ) {            if ( jQuery(\"#bwg_container1_0\").height() ) {             bwg_main_ready(jQuery(\"#bwg_container1_0\"));            }          }        });      }    <\/script>    \n","protected":false},"excerpt":{"rendered":"<p>Merci \u00e0 Fran\u00e7ois, Laurent et Christophe pour ce midi, voici ce qu\u2019on a fait avec quelques photos&nbsp;:Freins avant&nbsp;: D\u00e9tartrage des gorges des joints des 2 \u00e9triers (ayant s\u00e9ch\u00e9 il fallait vider le sable du sablage + d\u2019autres incrustations) Au passage <a class=\"more-link\" href=\"https:\/\/www.vehiculesanciens-airbuspalays.fr\/?p=2310\">Continuer la lecture <span class=\"screen-reader-text\">  28 janvier 2020 &#8211; Matra530 &#8211; Avanc\u00e9es freins\/direction<\/span><span class=\"meta-nav\">&rarr;<\/span><\/a><\/p>\n","protected":false},"author":1,"featured_media":2313,"comment_status":"open","ping_status":"open","sticky":false,"template":"","format":"standard","meta":{"footnotes":""},"categories":[44,8],"tags":[57],"class_list":["post-2310","post","type-post","status-publish","format-standard","has-post-thumbnail","hentry","category-projets-collectifs","category-renovation-collective-dune-matra","tag-matra-530"],"publishpress_future_action":{"enabled":false,"date":"2026-05-08 13:25:21","action":"change-status","newStatus":"draft","terms":[],"taxonomy":"category","extraData":[]},"publishpress_future_workflow_manual_trigger":{"enabledWorkflows":[]},"_links":{"self":[{"href":"https:\/\/www.vehiculesanciens-airbuspalays.fr\/index.php?rest_route=\/wp\/v2\/posts\/2310","targetHints":{"allow":["GET"]}}],"collection":[{"href":"https:\/\/www.vehiculesanciens-airbuspalays.fr\/index.php?rest_route=\/wp\/v2\/posts"}],"about":[{"href":"https:\/\/www.vehiculesanciens-airbuspalays.fr\/index.php?rest_route=\/wp\/v2\/types\/post"}],"author":[{"embeddable":true,"href":"https:\/\/www.vehiculesanciens-airbuspalays.fr\/index.php?rest_route=\/wp\/v2\/users\/1"}],"replies":[{"embeddable":true,"href":"https:\/\/www.vehiculesanciens-airbuspalays.fr\/index.php?rest_route=%2Fwp%2Fv2%2Fcomments&post=2310"}],"version-history":[{"count":1,"href":"https:\/\/www.vehiculesanciens-airbuspalays.fr\/index.php?rest_route=\/wp\/v2\/posts\/2310\/revisions"}],"predecessor-version":[{"id":2312,"href":"https:\/\/www.vehiculesanciens-airbuspalays.fr\/index.php?rest_route=\/wp\/v2\/posts\/2310\/revisions\/2312"}],"wp:featuredmedia":[{"embeddable":true,"href":"https:\/\/www.vehiculesanciens-airbuspalays.fr\/index.php?rest_route=\/wp\/v2\/media\/2313"}],"wp:attachment":[{"href":"https:\/\/www.vehiculesanciens-airbuspalays.fr\/index.php?rest_route=%2Fwp%2Fv2%2Fmedia&parent=2310"}],"wp:term":[{"taxonomy":"category","embeddable":true,"href":"https:\/\/www.vehiculesanciens-airbuspalays.fr\/index.php?rest_route=%2Fwp%2Fv2%2Fcategories&post=2310"},{"taxonomy":"post_tag","embeddable":true,"href":"https:\/\/www.vehiculesanciens-airbuspalays.fr\/index.php?rest_route=%2Fwp%2Fv2%2Ftags&post=2310"}],"curies":[{"name":"wp","href":"https:\/\/api.w.org\/{rel}","templated":true}]}}