{"id":2297,"date":"2020-01-21T19:10:23","date_gmt":"2020-01-21T18:10:23","guid":{"rendered":"https:\/\/www.vehiculesanciens-airbuspalays.fr\/?p=2297"},"modified":"2020-03-01T11:26:20","modified_gmt":"2020-03-01T10:26:20","slug":"1617-decembre-2019-matra530-avancees-moteur-3-2-2","status":"publish","type":"post","link":"https:\/\/www.vehiculesanciens-airbuspalays.fr\/?p=2297","title":{"rendered":"15 &#038; 21 janvier 2020 &#8211; Matra530 &#8211; Avanc\u00e9es moteur"},"content":{"rendered":"\n<p>Bonjour \u00e0 tous,<\/p>\n\n\n\n<p>Gros \u00e9l\u00e9ment car nous avons effectu\u00e9 la mise en eau du moteur\u00a0!<br><\/p>\n\n\n\n<p>H\u00e9las, Grosses d\u00e9ception car nous avons d\u00e9tect\u00e9 une l\u00e9g\u00e8re fuite d\u2019eau \u00e0 un endroit peu accessible.<\/p>\n\n\n\n<p>Nous avons donc du d\u00e9monter le haut moteur (carbu, collecteur d\u2019admission) pour r\u00e9parer\u2026 avec beaucoup de r\u00e9flexion pour trouver l\u2019origine de cette fuite.<\/p>\n\n\n\n<p>Mais nous sommes confiant&nbsp;: on va r\u00e9parer rapidement<\/p>\n\n\n\n<p>A Bient\u00f4t<\/p>\n\n\n\n<p>G\u00e9rard&nbsp; Cassette<\/p>\n\n\n\n<figure class=\"wp-block-image\"><a href=\"https:\/\/www.vehiculesanciens-airbuspalays.fr\/wp-content\/uploads\/2020\/01\/Cr_Atelier__Demontage_21-01-2020.pdf\"><img loading=\"lazy\" decoding=\"async\" width=\"60\" height=\"59\" src=\"https:\/\/www.vehiculesanciens-airbuspalays.fr\/wp-content\/uploads\/2018\/02\/pdf-icon.png\" alt=\"\" class=\"wp-image-607\"\/><\/a><\/figure>\n\n\n\n<figure class=\"wp-block-image size-large\"><img loading=\"lazy\" decoding=\"async\" width=\"258\" height=\"391\" src=\"https:\/\/www.vehiculesanciens-airbuspalays.fr\/wp-content\/uploads\/2020\/01\/Compte-rendu-de-lAtelier-Moteur-Atelier-du-15-et-du-21-janvier-2020.png\" alt=\"\" class=\"wp-image-2298\" srcset=\"https:\/\/www.vehiculesanciens-airbuspalays.fr\/wp-content\/uploads\/2020\/01\/Compte-rendu-de-lAtelier-Moteur-Atelier-du-15-et-du-21-janvier-2020.png 258w, https:\/\/www.vehiculesanciens-airbuspalays.fr\/wp-content\/uploads\/2020\/01\/Compte-rendu-de-lAtelier-Moteur-Atelier-du-15-et-du-21-janvier-2020-198x300.png 198w\" sizes=\"auto, (max-width: 258px) 100vw, 258px\" \/><\/figure>\n","protected":false},"excerpt":{"rendered":"<p>Bonjour \u00e0 tous, Gros \u00e9l\u00e9ment car nous avons effectu\u00e9 la mise en eau du moteur\u00a0! H\u00e9las, Grosses d\u00e9ception car nous avons d\u00e9tect\u00e9 une l\u00e9g\u00e8re fuite d\u2019eau \u00e0 un endroit peu accessible. Nous avons donc du d\u00e9monter le haut moteur (carbu, <a class=\"more-link\" href=\"https:\/\/www.vehiculesanciens-airbuspalays.fr\/?p=2297\">Continuer la lecture <span class=\"screen-reader-text\">  15 &#038; 21 janvier 2020 &#8211; Matra530 &#8211; Avanc\u00e9es moteur<\/span><span class=\"meta-nav\">&rarr;<\/span><\/a><\/p>\n","protected":false},"author":1,"featured_media":2298,"comment_status":"open","ping_status":"open","sticky":false,"template":"","format":"standard","meta":{"footnotes":""},"categories":[44,8],"tags":[57],"class_list":["post-2297","post","type-post","status-publish","format-standard","has-post-thumbnail","hentry","category-projets-collectifs","category-renovation-collective-dune-matra","tag-matra-530"],"publishpress_future_action":{"enabled":false,"date":"2026-05-08 11:40:03","action":"change-status","newStatus":"draft","terms":[],"taxonomy":"category","extraData":[]},"publishpress_future_workflow_manual_trigger":{"enabledWorkflows":[]},"_links":{"self":[{"href":"https:\/\/www.vehiculesanciens-airbuspalays.fr\/index.php?rest_route=\/wp\/v2\/posts\/2297","targetHints":{"allow":["GET"]}}],"collection":[{"href":"https:\/\/www.vehiculesanciens-airbuspalays.fr\/index.php?rest_route=\/wp\/v2\/posts"}],"about":[{"href":"https:\/\/www.vehiculesanciens-airbuspalays.fr\/index.php?rest_route=\/wp\/v2\/types\/post"}],"author":[{"embeddable":true,"href":"https:\/\/www.vehiculesanciens-airbuspalays.fr\/index.php?rest_route=\/wp\/v2\/users\/1"}],"replies":[{"embeddable":true,"href":"https:\/\/www.vehiculesanciens-airbuspalays.fr\/index.php?rest_route=%2Fwp%2Fv2%2Fcomments&post=2297"}],"version-history":[{"count":2,"href":"https:\/\/www.vehiculesanciens-airbuspalays.fr\/index.php?rest_route=\/wp\/v2\/posts\/2297\/revisions"}],"predecessor-version":[{"id":2301,"href":"https:\/\/www.vehiculesanciens-airbuspalays.fr\/index.php?rest_route=\/wp\/v2\/posts\/2297\/revisions\/2301"}],"wp:featuredmedia":[{"embeddable":true,"href":"https:\/\/www.vehiculesanciens-airbuspalays.fr\/index.php?rest_route=\/wp\/v2\/media\/2298"}],"wp:attachment":[{"href":"https:\/\/www.vehiculesanciens-airbuspalays.fr\/index.php?rest_route=%2Fwp%2Fv2%2Fmedia&parent=2297"}],"wp:term":[{"taxonomy":"category","embeddable":true,"href":"https:\/\/www.vehiculesanciens-airbuspalays.fr\/index.php?rest_route=%2Fwp%2Fv2%2Fcategories&post=2297"},{"taxonomy":"post_tag","embeddable":true,"href":"https:\/\/www.vehiculesanciens-airbuspalays.fr\/index.php?rest_route=%2Fwp%2Fv2%2Ftags&post=2297"}],"curies":[{"name":"wp","href":"https:\/\/api.w.org\/{rel}","templated":true}]}}