{"id":2282,"date":"2020-01-14T21:40:35","date_gmt":"2020-01-14T20:40:35","guid":{"rendered":"https:\/\/www.vehiculesanciens-airbuspalays.fr\/?p=2282"},"modified":"2020-03-01T11:25:55","modified_gmt":"2020-03-01T10:25:55","slug":"1617-decembre-2019-matra530-avancees-moteur-3-2","status":"publish","type":"post","link":"https:\/\/www.vehiculesanciens-airbuspalays.fr\/?p=2282","title":{"rendered":"14 janvier 2020 &#8211; Matra530 &#8211; Avanc\u00e9es moteur"},"content":{"rendered":"\n<p>Bonjour \u00e0 tous,<\/p>\n\n\n\n<p>Nous \u00e9tions 7 lors de cet atelier (Moi, Patrick, Blaise, R\u00e9mi, Ren\u00e9, Nicolas, Claude).<\/p>\n\n\n\n<p>On a commenc\u00e9 par un gros rangement de l\u2019atelier qui repartait un peu \u00e0 la d\u00e9rive (c\u2019est un peu normal : on bosse ) et organis\u00e9 un peu mieux l\u2019atelier pour gagner de la place pour mettre le ch\u00e2ssis.<\/p>\n\n\n\n<p>Puis, en ce \u00ab Dry january \u00bb ,  nous avons continu\u00e9 la \u00ab mise \u00e0 l\u2019eau \u00bb du moteur ( \ud83d\ude0a )<\/p>\n\n\n\n<p>Ensuite,  nous avons commenc\u00e9 \u00e0 regarder le marbre.<\/p>\n\n\n\n<p>Suite et fin de l\u2019atelier pr\u00e9c\u00e9dent, nous avons r\u00e9ussi \u00e0 former correctement la Tubulure d\u2019arriv\u00e9e d\u2019eau et c\u2019est le dernier point dur r\u00e9solu avant la mise en eau du moteur.<\/p>\n\n\n\n<figure class=\"wp-block-image\"><a href=\"https:\/\/www.vehiculesanciens-airbuspalays.fr\/wp-content\/uploads\/2020\/01\/Cr_Atelier__Tubulure2_14-01-2020.pdf\"><img loading=\"lazy\" decoding=\"async\" width=\"60\" height=\"59\" src=\"https:\/\/www.vehiculesanciens-airbuspalays.fr\/wp-content\/uploads\/2018\/02\/pdf-icon.png\" alt=\"\" class=\"wp-image-607\"\/><\/a><\/figure>\n\n\n\n<figure class=\"wp-block-image size-large\"><img loading=\"lazy\" decoding=\"async\" width=\"662\" height=\"350\" src=\"https:\/\/www.vehiculesanciens-airbuspalays.fr\/wp-content\/uploads\/2020\/01\/image003.png\" alt=\"\" class=\"wp-image-2284\" srcset=\"https:\/\/www.vehiculesanciens-airbuspalays.fr\/wp-content\/uploads\/2020\/01\/image003.png 662w, https:\/\/www.vehiculesanciens-airbuspalays.fr\/wp-content\/uploads\/2020\/01\/image003-300x159.png 300w\" sizes=\"auto, (max-width: 662px) 100vw, 662px\" \/><\/figure>\n","protected":false},"excerpt":{"rendered":"<p>Bonjour \u00e0 tous, Nous \u00e9tions 7 lors de cet atelier (Moi, Patrick, Blaise, R\u00e9mi, Ren\u00e9, Nicolas, Claude). On a commenc\u00e9 par un gros rangement de l\u2019atelier qui repartait un peu \u00e0 la d\u00e9rive (c\u2019est un peu normal : on bosse <a class=\"more-link\" href=\"https:\/\/www.vehiculesanciens-airbuspalays.fr\/?p=2282\">Continuer la lecture <span class=\"screen-reader-text\">  14 janvier 2020 &#8211; Matra530 &#8211; Avanc\u00e9es moteur<\/span><span class=\"meta-nav\">&rarr;<\/span><\/a><\/p>\n","protected":false},"author":1,"featured_media":2284,"comment_status":"open","ping_status":"open","sticky":false,"template":"","format":"standard","meta":{"footnotes":""},"categories":[44,8],"tags":[57],"class_list":["post-2282","post","type-post","status-publish","format-standard","has-post-thumbnail","hentry","category-projets-collectifs","category-renovation-collective-dune-matra","tag-matra-530"],"publishpress_future_action":{"enabled":false,"date":"2026-05-08 13:25:22","action":"change-status","newStatus":"draft","terms":[],"taxonomy":"category","extraData":[]},"publishpress_future_workflow_manual_trigger":{"enabledWorkflows":[]},"_links":{"self":[{"href":"https:\/\/www.vehiculesanciens-airbuspalays.fr\/index.php?rest_route=\/wp\/v2\/posts\/2282","targetHints":{"allow":["GET"]}}],"collection":[{"href":"https:\/\/www.vehiculesanciens-airbuspalays.fr\/index.php?rest_route=\/wp\/v2\/posts"}],"about":[{"href":"https:\/\/www.vehiculesanciens-airbuspalays.fr\/index.php?rest_route=\/wp\/v2\/types\/post"}],"author":[{"embeddable":true,"href":"https:\/\/www.vehiculesanciens-airbuspalays.fr\/index.php?rest_route=\/wp\/v2\/users\/1"}],"replies":[{"embeddable":true,"href":"https:\/\/www.vehiculesanciens-airbuspalays.fr\/index.php?rest_route=%2Fwp%2Fv2%2Fcomments&post=2282"}],"version-history":[{"count":1,"href":"https:\/\/www.vehiculesanciens-airbuspalays.fr\/index.php?rest_route=\/wp\/v2\/posts\/2282\/revisions"}],"predecessor-version":[{"id":2285,"href":"https:\/\/www.vehiculesanciens-airbuspalays.fr\/index.php?rest_route=\/wp\/v2\/posts\/2282\/revisions\/2285"}],"wp:featuredmedia":[{"embeddable":true,"href":"https:\/\/www.vehiculesanciens-airbuspalays.fr\/index.php?rest_route=\/wp\/v2\/media\/2284"}],"wp:attachment":[{"href":"https:\/\/www.vehiculesanciens-airbuspalays.fr\/index.php?rest_route=%2Fwp%2Fv2%2Fmedia&parent=2282"}],"wp:term":[{"taxonomy":"category","embeddable":true,"href":"https:\/\/www.vehiculesanciens-airbuspalays.fr\/index.php?rest_route=%2Fwp%2Fv2%2Fcategories&post=2282"},{"taxonomy":"post_tag","embeddable":true,"href":"https:\/\/www.vehiculesanciens-airbuspalays.fr\/index.php?rest_route=%2Fwp%2Fv2%2Ftags&post=2282"}],"curies":[{"name":"wp","href":"https:\/\/api.w.org\/{rel}","templated":true}]}}