{"id":2239,"date":"2019-12-17T20:10:59","date_gmt":"2019-12-17T19:10:59","guid":{"rendered":"https:\/\/www.vehiculesanciens-airbuspalays.fr\/?p=2239"},"modified":"2019-12-17T20:13:48","modified_gmt":"2019-12-17T19:13:48","slug":"17-decembre-2019-matra530-avancees-freins-direction","status":"publish","type":"post","link":"https:\/\/www.vehiculesanciens-airbuspalays.fr\/?p=2239","title":{"rendered":"17 d\u00e9cembre 2019 &#8211; Matra530 &#8211; Avanc\u00e9es freins\/direction"},"content":{"rendered":"\n<p>Merci \u00e0 Francois, Laurent et Christophe qui sont venu participer aux activit\u00e9s ce midi.  Nous avons nettoy\u00e9, enlev\u00e9 de la rouille et pr\u00e9par\u00e9 pour peinture des \u00e9l\u00e9ments de la direction, (tube du cr\u00e9maill\u00e8re, un bras de direction, la colonne de direction, et aussi nettoy\u00e9 des pi\u00e8ces des \u00e9triers de frein<br>Ted<\/p>\n\n\n\n<p><\/p>\n\n\n\n<figure class=\"wp-block-image\"><a href=\"https:\/\/www.vehiculesanciens-airbuspalays.fr\/wp-content\/uploads\/2019\/12\/Atelier-de-midi-du-17_12_2019.pdf\"><img loading=\"lazy\" decoding=\"async\" width=\"60\" height=\"59\" src=\"https:\/\/www.vehiculesanciens-airbuspalays.fr\/wp-content\/uploads\/2018\/02\/pdf-icon.png\" alt=\"\" class=\"wp-image-607\"\/><\/a><\/figure>\n","protected":false},"excerpt":{"rendered":"<p>Merci \u00e0 Francois, Laurent et Christophe qui sont venu participer aux activit\u00e9s ce midi. Nous avons nettoy\u00e9, enlev\u00e9 de la rouille et pr\u00e9par\u00e9 pour peinture des \u00e9l\u00e9ments de la direction, (tube du cr\u00e9maill\u00e8re, un bras de direction, la colonne de <a class=\"more-link\" href=\"https:\/\/www.vehiculesanciens-airbuspalays.fr\/?p=2239\">Continuer la lecture <span class=\"screen-reader-text\">  17 d\u00e9cembre 2019 &#8211; Matra530 &#8211; Avanc\u00e9es freins\/direction<\/span><span class=\"meta-nav\">&rarr;<\/span><\/a><\/p>\n","protected":false},"author":1,"featured_media":0,"comment_status":"open","ping_status":"open","sticky":false,"template":"","format":"standard","meta":{"footnotes":""},"categories":[44,8],"tags":[57],"class_list":["post-2239","post","type-post","status-publish","format-standard","hentry","category-projets-collectifs","category-renovation-collective-dune-matra","tag-matra-530"],"publishpress_future_action":{"enabled":false,"date":"2026-05-08 18:44:19","action":"change-status","newStatus":"draft","terms":[],"taxonomy":"category","extraData":[]},"publishpress_future_workflow_manual_trigger":{"enabledWorkflows":[]},"_links":{"self":[{"href":"https:\/\/www.vehiculesanciens-airbuspalays.fr\/index.php?rest_route=\/wp\/v2\/posts\/2239","targetHints":{"allow":["GET"]}}],"collection":[{"href":"https:\/\/www.vehiculesanciens-airbuspalays.fr\/index.php?rest_route=\/wp\/v2\/posts"}],"about":[{"href":"https:\/\/www.vehiculesanciens-airbuspalays.fr\/index.php?rest_route=\/wp\/v2\/types\/post"}],"author":[{"embeddable":true,"href":"https:\/\/www.vehiculesanciens-airbuspalays.fr\/index.php?rest_route=\/wp\/v2\/users\/1"}],"replies":[{"embeddable":true,"href":"https:\/\/www.vehiculesanciens-airbuspalays.fr\/index.php?rest_route=%2Fwp%2Fv2%2Fcomments&post=2239"}],"version-history":[{"count":2,"href":"https:\/\/www.vehiculesanciens-airbuspalays.fr\/index.php?rest_route=\/wp\/v2\/posts\/2239\/revisions"}],"predecessor-version":[{"id":2242,"href":"https:\/\/www.vehiculesanciens-airbuspalays.fr\/index.php?rest_route=\/wp\/v2\/posts\/2239\/revisions\/2242"}],"wp:attachment":[{"href":"https:\/\/www.vehiculesanciens-airbuspalays.fr\/index.php?rest_route=%2Fwp%2Fv2%2Fmedia&parent=2239"}],"wp:term":[{"taxonomy":"category","embeddable":true,"href":"https:\/\/www.vehiculesanciens-airbuspalays.fr\/index.php?rest_route=%2Fwp%2Fv2%2Fcategories&post=2239"},{"taxonomy":"post_tag","embeddable":true,"href":"https:\/\/www.vehiculesanciens-airbuspalays.fr\/index.php?rest_route=%2Fwp%2Fv2%2Ftags&post=2239"}],"curies":[{"name":"wp","href":"https:\/\/api.w.org\/{rel}","templated":true}]}}