{"id":2222,"date":"2019-12-10T21:28:44","date_gmt":"2019-12-10T20:28:44","guid":{"rendered":"https:\/\/www.vehiculesanciens-airbuspalays.fr\/?p=2222"},"modified":"2019-12-12T21:30:30","modified_gmt":"2019-12-12T20:30:30","slug":"10-decembre-2019-matra530-avancees-moteur","status":"publish","type":"post","link":"https:\/\/www.vehiculesanciens-airbuspalays.fr\/?p=2222","title":{"rendered":"10 d\u00e9cembre 2019 &#8211; Matra530 &#8211; Avanc\u00e9es moteur"},"content":{"rendered":"\n<figure class=\"wp-block-image size-large\"><img loading=\"lazy\" decoding=\"async\" width=\"898\" height=\"732\" src=\"https:\/\/www.vehiculesanciens-airbuspalays.fr\/wp-content\/uploads\/2019\/12\/image007.png\" alt=\"\" class=\"wp-image-2225\" srcset=\"https:\/\/www.vehiculesanciens-airbuspalays.fr\/wp-content\/uploads\/2019\/12\/image007.png 898w, https:\/\/www.vehiculesanciens-airbuspalays.fr\/wp-content\/uploads\/2019\/12\/image007-300x245.png 300w, https:\/\/www.vehiculesanciens-airbuspalays.fr\/wp-content\/uploads\/2019\/12\/image007-768x626.png 768w\" sizes=\"auto, (max-width: 898px) 100vw, 898px\" \/><\/figure>\n\n\n\n<p>Bonjour \u00e0 tous,<\/p>\n\n\n\n<p>Nous \u00e9tions 6 lors de cet atelier de ce Mardi (Moi, Patrick, Philippe (Perez), R\u00e9mi, Ren\u00e9, Nicolas).<\/p>\n\n\n\n<p><em>Une pens\u00e9e pour Patrick qui est clou\u00e9 au lit avec une colique n\u00e9phr\u00e9tique&nbsp;! Bon r\u00e9tablissement Patrick.<\/em><\/p>\n\n\n\n<p>Nous avons r\u00e9solu les probl\u00e8mes du carbu<\/p>\n\n\n\n<p>Nous avons mont\u00e9 l\u2019embrayage<\/p>\n\n\n\n<p>Nous avons cal\u00e9 le point d\u2019allumage<\/p>\n\n\n\n<p>La boite nous attend depuis la semaine derni\u00e8re<\/p>\n\n\n\n<p>Le carbu a \u00e9t\u00e9 pos\u00e9<\/p>\n\n\n\n<p><\/p>\n\n\n\n<p><strong>TOUT EST PRET pour le R\u00e9 accouplement Boite-Moteur&nbsp;!<\/strong><\/p>\n\n\n\n<p><\/p>\n\n\n\n<figure class=\"wp-block-image\"><a href=\"https:\/\/www.vehiculesanciens-airbuspalays.fr\/wp-content\/uploads\/2019\/12\/Cr_Atelier__Embrayage_Allumage_10-12-2019.pdf\"><img loading=\"lazy\" decoding=\"async\" width=\"60\" height=\"59\" src=\"https:\/\/www.vehiculesanciens-airbuspalays.fr\/wp-content\/uploads\/2018\/02\/pdf-icon.png\" alt=\"\" class=\"wp-image-607\"\/><\/a><\/figure>\n","protected":false},"excerpt":{"rendered":"<p>Bonjour \u00e0 tous, Nous \u00e9tions 6 lors de cet atelier de ce Mardi (Moi, Patrick, Philippe (Perez), R\u00e9mi, Ren\u00e9, Nicolas). Une pens\u00e9e pour Patrick qui est clou\u00e9 au lit avec une colique n\u00e9phr\u00e9tique&nbsp;! Bon r\u00e9tablissement Patrick. Nous avons r\u00e9solu les <a class=\"more-link\" href=\"https:\/\/www.vehiculesanciens-airbuspalays.fr\/?p=2222\">Continuer la lecture <span class=\"screen-reader-text\">  10 d\u00e9cembre 2019 &#8211; Matra530 &#8211; Avanc\u00e9es moteur<\/span><span class=\"meta-nav\">&rarr;<\/span><\/a><\/p>\n","protected":false},"author":1,"featured_media":2225,"comment_status":"open","ping_status":"open","sticky":false,"template":"","format":"standard","meta":{"footnotes":""},"categories":[44,8],"tags":[57],"class_list":["post-2222","post","type-post","status-publish","format-standard","has-post-thumbnail","hentry","category-projets-collectifs","category-renovation-collective-dune-matra","tag-matra-530"],"publishpress_future_action":{"enabled":false,"date":"2026-05-08 18:44:20","action":"change-status","newStatus":"draft","terms":[],"taxonomy":"category","extraData":[]},"publishpress_future_workflow_manual_trigger":{"enabledWorkflows":[]},"_links":{"self":[{"href":"https:\/\/www.vehiculesanciens-airbuspalays.fr\/index.php?rest_route=\/wp\/v2\/posts\/2222","targetHints":{"allow":["GET"]}}],"collection":[{"href":"https:\/\/www.vehiculesanciens-airbuspalays.fr\/index.php?rest_route=\/wp\/v2\/posts"}],"about":[{"href":"https:\/\/www.vehiculesanciens-airbuspalays.fr\/index.php?rest_route=\/wp\/v2\/types\/post"}],"author":[{"embeddable":true,"href":"https:\/\/www.vehiculesanciens-airbuspalays.fr\/index.php?rest_route=\/wp\/v2\/users\/1"}],"replies":[{"embeddable":true,"href":"https:\/\/www.vehiculesanciens-airbuspalays.fr\/index.php?rest_route=%2Fwp%2Fv2%2Fcomments&post=2222"}],"version-history":[{"count":2,"href":"https:\/\/www.vehiculesanciens-airbuspalays.fr\/index.php?rest_route=\/wp\/v2\/posts\/2222\/revisions"}],"predecessor-version":[{"id":2226,"href":"https:\/\/www.vehiculesanciens-airbuspalays.fr\/index.php?rest_route=\/wp\/v2\/posts\/2222\/revisions\/2226"}],"wp:featuredmedia":[{"embeddable":true,"href":"https:\/\/www.vehiculesanciens-airbuspalays.fr\/index.php?rest_route=\/wp\/v2\/media\/2225"}],"wp:attachment":[{"href":"https:\/\/www.vehiculesanciens-airbuspalays.fr\/index.php?rest_route=%2Fwp%2Fv2%2Fmedia&parent=2222"}],"wp:term":[{"taxonomy":"category","embeddable":true,"href":"https:\/\/www.vehiculesanciens-airbuspalays.fr\/index.php?rest_route=%2Fwp%2Fv2%2Fcategories&post=2222"},{"taxonomy":"post_tag","embeddable":true,"href":"https:\/\/www.vehiculesanciens-airbuspalays.fr\/index.php?rest_route=%2Fwp%2Fv2%2Ftags&post=2222"}],"curies":[{"name":"wp","href":"https:\/\/api.w.org\/{rel}","templated":true}]}}