{"id":2218,"date":"2019-12-07T21:19:11","date_gmt":"2019-12-07T20:19:11","guid":{"rendered":"https:\/\/www.vehiculesanciens-airbuspalays.fr\/?p=2218"},"modified":"2019-12-15T17:27:42","modified_gmt":"2019-12-15T16:27:42","slug":"07-decembre-2019-matra530-avancees-moteur","status":"publish","type":"post","link":"https:\/\/www.vehiculesanciens-airbuspalays.fr\/?p=2218","title":{"rendered":"07 d\u00e9cembre 2019 &#8211; Matra530 &#8211; Avanc\u00e9es moteur"},"content":{"rendered":"\n<p>Salut les mordus !<br>Vous le savez peut-\u00eatre d\u00e9j\u00e0 : notre carbu a repris vie sur le banc moteur d&#8217;Alain apr\u00e8s un sommeil poussi\u00e9reux d&#8217;au moins 36 ans si on se fie \u00e0 la vignette sur le pare-brise&#8230;<br><strong>Il est magnifique et il fonctionne, bravo aux acteurs de ce beau r\u00e9sultat !<\/strong><br>Plus d&#8217;infos dans le CR ci-joint, l&#8217;aventure continue&#8230;<br>A bient\u00f4t<br>R\u00e9mi <\/p>\n\n\n\n<figure class=\"wp-block-image\"><a href=\"https:\/\/www.vehiculesanciens-airbuspalays.fr\/wp-content\/uploads\/2019\/12\/CR_carbu_7dec_2019.pdf\"><img loading=\"lazy\" decoding=\"async\" width=\"60\" height=\"59\" src=\"https:\/\/www.vehiculesanciens-airbuspalays.fr\/wp-content\/uploads\/2018\/02\/pdf-icon.png\" alt=\"\" class=\"wp-image-607\"\/><\/a><\/figure>\n","protected":false},"excerpt":{"rendered":"<p>Salut les mordus !Vous le savez peut-\u00eatre d\u00e9j\u00e0 : notre carbu a repris vie sur le banc moteur d&#8217;Alain apr\u00e8s un sommeil poussi\u00e9reux d&#8217;au moins 36 ans si on se fie \u00e0 la vignette sur le pare-brise&#8230;Il est magnifique et <a class=\"more-link\" href=\"https:\/\/www.vehiculesanciens-airbuspalays.fr\/?p=2218\">Continuer la lecture <span class=\"screen-reader-text\">  07 d\u00e9cembre 2019 &#8211; Matra530 &#8211; Avanc\u00e9es moteur<\/span><span class=\"meta-nav\">&rarr;<\/span><\/a><\/p>\n","protected":false},"author":1,"featured_media":0,"comment_status":"open","ping_status":"open","sticky":false,"template":"","format":"standard","meta":{"footnotes":""},"categories":[44,8],"tags":[57],"class_list":["post-2218","post","type-post","status-publish","format-standard","hentry","category-projets-collectifs","category-renovation-collective-dune-matra","tag-matra-530"],"publishpress_future_action":{"enabled":false,"date":"2026-05-08 18:44:19","action":"change-status","newStatus":"draft","terms":[],"taxonomy":"category","extraData":[]},"publishpress_future_workflow_manual_trigger":{"enabledWorkflows":[]},"_links":{"self":[{"href":"https:\/\/www.vehiculesanciens-airbuspalays.fr\/index.php?rest_route=\/wp\/v2\/posts\/2218","targetHints":{"allow":["GET"]}}],"collection":[{"href":"https:\/\/www.vehiculesanciens-airbuspalays.fr\/index.php?rest_route=\/wp\/v2\/posts"}],"about":[{"href":"https:\/\/www.vehiculesanciens-airbuspalays.fr\/index.php?rest_route=\/wp\/v2\/types\/post"}],"author":[{"embeddable":true,"href":"https:\/\/www.vehiculesanciens-airbuspalays.fr\/index.php?rest_route=\/wp\/v2\/users\/1"}],"replies":[{"embeddable":true,"href":"https:\/\/www.vehiculesanciens-airbuspalays.fr\/index.php?rest_route=%2Fwp%2Fv2%2Fcomments&post=2218"}],"version-history":[{"count":2,"href":"https:\/\/www.vehiculesanciens-airbuspalays.fr\/index.php?rest_route=\/wp\/v2\/posts\/2218\/revisions"}],"predecessor-version":[{"id":2221,"href":"https:\/\/www.vehiculesanciens-airbuspalays.fr\/index.php?rest_route=\/wp\/v2\/posts\/2218\/revisions\/2221"}],"wp:attachment":[{"href":"https:\/\/www.vehiculesanciens-airbuspalays.fr\/index.php?rest_route=%2Fwp%2Fv2%2Fmedia&parent=2218"}],"wp:term":[{"taxonomy":"category","embeddable":true,"href":"https:\/\/www.vehiculesanciens-airbuspalays.fr\/index.php?rest_route=%2Fwp%2Fv2%2Fcategories&post=2218"},{"taxonomy":"post_tag","embeddable":true,"href":"https:\/\/www.vehiculesanciens-airbuspalays.fr\/index.php?rest_route=%2Fwp%2Fv2%2Ftags&post=2218"}],"curies":[{"name":"wp","href":"https:\/\/api.w.org\/{rel}","templated":true}]}}